{"id":962,"date":"2025-10-14T11:19:51","date_gmt":"2025-10-14T11:19:51","guid":{"rendered":"http:\/\/178.104.60.165\/?p=962"},"modified":"2026-03-25T09:25:22","modified_gmt":"2026-03-25T09:25:22","slug":"pdc-darts-eb-2025-menetrend-tv-kozvetites-penzdijak","status":"publish","type":"post","link":"https:\/\/topsters.com\/hu\/pdc-darts-eb-2025-menetrend-tv-kozvetites-penzdijak\/","title":{"rendered":"PDC Darts Eb [2025]: menetrend, tv-k\u00f6zvet\u00edt\u00e9s, p\u00e9nzd\u00edjak"},"content":{"rendered":"\n<p><strong>Id\u00e9n is Dortmundban rendezik meg a PDC Eur\u00f3pa-bajnoks\u00e1g\u00e1t, ahol 32 j\u00e1t\u00e9kos m\u00e9ri \u00f6ssze a tud\u00e1s\u00e1t. Ebben a cikkben minden l\u00e9nyegi inform\u00e1ci\u00f3t megtal\u00e1lsz a PDC 2025-\u00f6s Eur\u00f3pa-bajnoks\u00e1g\u00e1r\u00f3l. <\/strong><\/p>\n\n\n\n<h2 class=\"wp-block-heading\">Helysz\u00edn \u00e9s id\u0151pont<\/h2>\n\n\n\n<p>A 2025-\u00f6s European Championship (Machineseeker European Championship n\u00e9ven) <strong>2025. okt\u00f3ber 23\u201326.<\/strong> k\u00f6z\u00f6tt ker\u00fcl megrendez\u00e9sre, <strong>Dortmund<\/strong>ban a Westfalenhalle csarnokban. A mostani lesz zsin\u00f3rban a negyedik alkalom, hogy Dortmund v\u00e1rosa ad otthon a torn\u00e1nak.<\/p>\n\n\n\n<h2 class=\"wp-block-heading\">Menetrend <\/h2>\n\n\n\n<p>A darts Eb-t okt\u00f3ber 23. \u00e9s 26. k\u00f6z\u00f6tt rendezik meg, vagyis n\u00e9gy nap alatt lebonyol\u00edtj\u00e1k a versenyt. <\/p>\n\n\n\n<ul class=\"wp-block-list\">\n<li><strong>2025. okt\u00f3ber 23. (cs\u00fct\u00f6rt\u00f6k)<\/strong> \u2014 Nyit\u00f3nap, els\u0151 fordul\u00f3 m\u00e9rk\u0151z\u00e9sei<\/li>\n\n\n\n<li><strong>2025. okt\u00f3ber 24. (p\u00e9ntek)<\/strong> \u2014 Nyolcadd\u00f6nt\u0151k <\/li>\n\n\n\n<li><strong>2025. okt\u00f3ber 25. (szombat)<\/strong> \u2014 Negyedd\u00f6nt\u0151k, el\u0151d\u00f6nt\u0151k<\/li>\n\n\n\n<li><strong>2025. okt\u00f3ber 26. (vas\u00e1rnap)<\/strong> \u2014 D\u00f6nt\u0151 m\u00e9rk\u0151z\u00e9s<\/li>\n<\/ul>\n\n\n\n<p>A m\u00e9rk\u0151z\u00e9seket k\u00e9t etapban, egy d\u00e9lut\u00e1ni \u00e9s egy esti programban rendezik meg, el\u0151bbi d\u00e9lut\u00e1n 13 \u00f3r\u00e1t\u00f3l, ut\u00f3bbi este 19 \u00f3r\u00e1t\u00f3l kezd\u0151dik. <\/p>\n\n\n\n<h2 class=\"wp-block-heading\">Lebonyol\u00edt\u00e1s <\/h2>\n\n\n\n<p>Az Eur\u00f3pa-bajnoks\u00e1gon az a 32 j\u00e1t\u00e9kos vehet r\u00e9szt, akik az <a href=\"https:\/\/www.pdc.tv\/order-of-merit\/european-tour-order-of-merit\" title=\"\">European Tour-\u00e1llom\u00e1sok ranglist\u00e1j\u00e1n <\/a>kereszt\u00fcl tudta kvalifik\u00e1lni mag\u00e1t.  Az European Tour Order of Meritj\u00e9nek legjobb 32 j\u00e1t\u00e9kosa egyenes kies\u00e9s rendszerben m\u00e9rk\u0151zik meg egym\u00e1ssal. <\/p>\n\n\n\n<p>A m\u00e9rk\u0151z\u00e9sek hossza a verseny el\u0151rehaladt\u00e1val v\u00e1ltoz\u00f3: az els\u0151 fordul\u00f3ban 6, a m\u00e1sodikban 10, az el\u0151d\u00f6nt\u0151ben \u00e9s a d\u00f6nt\u0151ben pedig 11 leget kell nyernie a gy\u0151ztesnek. <\/p>\n\n\n\n<ol class=\"wp-block-list\">\n<li>fordul\u00f3: 6 nyert leg<\/li>\n\n\n\n<li>fordul\u00f3 (nyolcadd\u00f6nt\u0151): 10 nyert leg <\/li>\n\n\n\n<li>Negyedd\u00f6nt\u0151: 10 nyert leg <\/li>\n\n\n\n<li>El\u0151d\u00f6nt\u0151: 11 nyert leg <\/li>\n\n\n\n<li>D\u00f6nt\u0151: 11 nyert leg <\/li>\n<\/ol>\n\n\n\n<h2 class=\"wp-block-heading\">\u00d6sszd\u00edjaz\u00e1s \u00e9s p\u00e9nzd\u00edjak <\/h2>\n\n\n\n<p>A PDC nagyon komoly er\u0151fesz\u00edt\u00e9seket tett az elm\u00falt \u00e9vekben az\u00e9rt, hogy a darts ne csak az Egyes\u00fclt Kir\u00e1lys\u00e1gban, hanem Eur\u00f3p\u00e1ban is n\u00e9pszer\u0171 legyen. A szervezet az Europen Tour-sorozat bevezet\u00e9s\u00e9vel el is \u00e9rte ezt a c\u00e9lj\u00e1t, hiszen m\u00e1ra Anglia m\u00f6g\u00f6tt N\u00e9metorsz\u00e1g v\u00e1lt a darts legnagyobb piac\u00e1v\u00e1. <\/p>\n\n\n\n<p>A n\u00f6vekv\u0151 n\u00e9pszer\u0171s\u00e9g azonban szakmai alapokon nyugszik, az ET-fordul\u00f3k sz\u00ednvonala \u00e9vr\u0151l \u00e9vre egyre magasabb, k\u00f6sz\u00f6nhet\u0151en annak, hogy a legnagyobb szt\u00e1rok rendszeres r\u00e9sztvev\u0151i a torn\u00e1knak. <\/p>\n\n\n\n<p>Az Eur\u00f3pa-bajnoks\u00e1gon val\u00f3 r\u00e9szv\u00e9tel is kifizet\u0151d\u0151, hiszen id\u00e9n m\u00e1r <strong>600 000 angol fontot<\/strong> is el\u00e9ri a verseny \u00f6sszd\u00edjaz\u00e1sa. M\u00e1r a r\u00e9szv\u00e9tel\u00e9rt is j\u00e1r p\u00e9nzd\u00edj, aki tudta kvalifik\u00e1lni mag\u00e1t a versenyre az 7500 fontot biztosan hazavisz.  A gy\u0151ztes 120 000 fonttal gazdagodhat, m\u00edg a d\u00f6nt\u0151s 60 ezer fontot vihet majd haza. <\/p>\n\n\n\n<h3 class=\"wp-block-heading\">PDC Darts European Championship 2025 P\u00e9nzd\u00edjak <\/h3>\n\n\n\n<ul class=\"wp-block-list\">\n<li>1. fordul\u00f3: 7 500 <\/li>\n\n\n\n<li>2. fordul\u00f3: 15 000 <\/li>\n\n\n\n<li>Negyedd\u00f6nt\u0151: 25 000<\/li>\n\n\n\n<li>El\u0151d\u00f6nt\u0151: 40 000<\/li>\n\n\n\n<li>D\u00f6nt\u0151: 60 000<\/li>\n\n\n\n<li>Gy\u0151ztes: 120 000<\/li>\n<\/ul>\n\n\n\n<h2 class=\"wp-block-heading\">Mi k\u00f6zvet\u00edti a darts Eur\u00f3pa-bajnoks\u00e1got? <\/h2>\n\n\n\n<p>Az okt\u00f3ber 23. \u00e9s 26. k\u00f6z\u00f6tt megrendez\u00e9sre ker\u00fcl\u0151 2025-\u00f6s PDC Darts Eur\u00f3pa-bajnoks\u00e1got Magyarorsz\u00e1gon a Sport Telev\u00edzi\u00f3 k\u00f6zvet\u00edti. <\/p>\n\n\n\n<h2 class=\"wp-block-heading\">Kor\u00e1bbi bajnokok a darts Eur\u00f3pa-bajnoks\u00e1gokon <\/h2>\n\n\n\n<p>Az Eur\u00f3pa-bajnoks\u00e1got 2008-ban rendezte meg el\u0151sz\u00f6r a PDC, teh\u00e1t az\u00f3ta 17 torn\u00e1t rendeztek meg. A rekordbajnok a holland Michael van Gerwen, aki \u00f6tsz\u00f6r jutott be a d\u00f6nt\u0151be \u00e9s n\u00e9gy alkalommal meg is nyerte a fin\u00e1l\u00e9t. <\/p>\n\n\n\n<p>A sport\u00e1g legend\u00e1ja, Phil Taylor szint\u00e9n n\u00e9gyszeres gy\u0151ztes ezen a torn\u00e1n, a k\u00e9t legend\u00e1n k\u00edv\u00fcl pedig Peter Wright \u00e9s Rob Cross tudta egyn\u00e9l t\u00f6bb alkalommal megnyerni az Eur\u00f3pa-bajnoks\u00e1got.<\/p>\n\n\n\n<p><\/p>\n\n\n\n<figure class=\"wp-block-embed is-type-video is-provider-youtube wp-block-embed-youtube wp-embed-aspect-9-16 wp-has-aspect-ratio\"><div class=\"wp-block-embed__wrapper\">\n<iframe loading=\"lazy\" title=\"Ritchie Edhouse European Champion 2024 #pdcworldchampionship #pdcdarts\" width=\"422\" height=\"750\" src=\"https:\/\/www.youtube.com\/embed\/8d0K_tT4Xt0?feature=oembed\" frameborder=\"0\" allow=\"accelerometer; autoplay; clipboard-write; encrypted-media; gyroscope; picture-in-picture; web-share\" referrerpolicy=\"strict-origin-when-cross-origin\" allowfullscreen><\/iframe>\n<\/div><\/figure>\n\n\n\n<p>A c\u00edmv\u00e9d\u0151 az angol Ritche Edhouse, aki tavaly \u00f3ri\u00e1si meglepet\u00e9sre, val\u00f3di underdogk\u00e9nt tudott itt diadalmaskodni, azonban a verseny t\u00f6rt\u00e9net\u00e9ben el\u0151sz\u00f6r fordul el\u0151, hogy az aktu\u00e1lis c\u00edmv\u00e9d\u0151 nem tudta mag\u00e1t kvalifik\u00e1lni az Eur\u00f3pa-bajnoks\u00e1gra. <\/p>\n\n\n\n<ul class=\"wp-block-list\">\n<li>Michael van Gerwen: 2014, 2015, 2016, 2017<\/li>\n\n\n\n<li>Phil Taylor: 2008, 2009, 2010, 2011<\/li>\n\n\n\n<li>Peter Wright: 2020, 2023<\/li>\n\n\n\n<li>Rob Cross: 2019, 2021<\/li>\n<\/ul>\n\n\n\n<h2 class=\"wp-block-heading\">Kilenc nyilasok a darts Eur\u00f3pa-bajnoks\u00e1gon <\/h2>\n\n\n\n<p>A verseny 17 \u00e9ves t\u00f6rt\u00e9net\u00e9ben n\u00e9gy alkalommal fordult el\u0151, hogy egy j\u00e1t\u00e9kos megdobta a t\u00f6k\u00e9letes leget.  <\/p>\n\n\n\n<p>Az els\u0151 perfekt leget az angol Adrian Lewis dobta a 2011-es el\u0151d\u00f6nt\u0151ben Raymond van Barneveldnek, az utols\u00f3 9 nyilas j\u00e1t\u00e9kot pedig 2020-ban l\u00e1thatta a k\u00f6z\u00f6ns\u00e9g, amikor is a portug\u00e1l Jos\u00e9 de Sousa az els\u0151 fordul\u00f3ban Jeffrey de Zwan ellen oldotta meg 9 ny\u00edlban az 501 pont elfogyaszt\u00e1s\u00e1t.<\/p>\n\n\n\n<ul class=\"wp-block-list\">\n<li>2011, el\u0151d\u00f6nt\u0151 &#8211; <strong>Adrian Lewis<\/strong> (vs Barneveld)<\/li>\n\n\n\n<li>2014, el\u0151d\u00f6nt\u0151 &#8211; <strong>Michael van Gerwen <\/strong>(vs Barneveld)<\/li>\n\n\n\n<li>2017, el\u0151d\u00f6nt\u0151 &#8211; <strong>Kyle Anderson<\/strong> (vs Van Gerwen)<\/li>\n\n\n\n<li>2020, 1. fordul\u00f3 &#8211; <strong>Jos\u00e9 de Sousa <\/strong>(vs de Zwan)<\/li>\n<\/ul>\n\n\n\n<h2 class=\"wp-block-heading\">A darts Eur\u00f3pa-bajnoks\u00e1gon legnagyobb \u00e1tlagai<\/h2>\n\n\n\n<p>A verseny t\u00f6rt\u00e9net\u00e9nek 10 legnagyobb \u00e1tlag\u00fa m\u00e9rk\u0151z\u00e9se k\u00f6z\u00fcl nyolc Phil Taylor (5) \u00e9s Michael van Gerwen (3) nev\u00e9hez k\u00f6thet\u0151, a k\u00e9t legenda mell\u00e9 Raymond van Barneveld \u00e9s Jonny Clayton tudott beker\u00fclni a top \u00e1tlagok k\u00f6z\u00e9.<\/p>\n\n\n\n<ul class=\"wp-block-list\">\n<li>118.14 <strong>Phil Taylor<\/strong> (vs Gary Anderson, 2009)<\/li>\n\n\n\n<li>113.92 <strong>Phil Taylor <\/strong>(vs Mervyn King, 2008)<\/li>\n\n\n\n<li>113.33 <strong>Phil Taylor <\/strong>(vs Robert Thorton, 2008)<\/li>\n\n\n\n<li>113.04 <strong>Raymond van Barneveld<\/strong> (vs Terry Jenkins, 2012)<\/li>\n\n\n\n<li>111.62 <strong>Michael van Gerwen<\/strong> (vs Mensur Suljovic, 2016)<\/li>\n<\/ul>\n\n\n\n<h2 class=\"wp-block-heading\">A 2025-\u00f6s darts Eur\u00f3pa-bajnoks\u00e1g legnagyobb es\u00e9lyesei <\/h2>\n\n\n\n<p>A torna els\u0151 sz\u00e1m\u00fa kiemeltje az angol Nathan Aspinall lesz, aki az idei 14 European Tour-\u00e1llom\u00e1s \u00f6sszes\u00edtett ranglist\u00e1j\u00e1t els\u0151 hely\u00e9n z\u00e1rt. Ezzel egy\u00fctt a vil\u00e1granglista 23. helyezett j\u00e1t\u00e9kos\u00e1t\u00f3l \u00f3ri\u00e1si brav\u00far lenne, ha megnyern\u00e9 ezt a versenyt, hiszen a form\u00e1ja nem olyan er\u0151s id\u00e9n, hogy ez re\u00e1lis legyen. <\/p>\n\n\n\n<p>A 2023-as Grand Slam of Darts \u00f3ta a major torn\u00e1kon Luke Humpries \u00e9s Luke Littler felv\u00e1ltva nyeri a versenyeket. <\/p>\n\n\n\n<p>Sokatmond\u00f3 adat, hogy ezen id\u0151szak alatt csup\u00e1n n\u00e9gy olyan kiemelt versenyt rendeztek a PDC-ben, amiben nem a k\u00e9t Luke valamelyike nyert volna. <\/p>\n\n\n\n<p>A <a href=\"https:\/\/topsters.com\/hu\/a-legjobb-online-fogadoirodak-magyarorszagon\/\" title=\"\">Magyarorsz\u00e1gon el\u00e9rhet\u0151 fogad\u00f3irod\u00e1k<\/a> m\u00e9g nem nyitottak piacokat a v\u00e9gs\u0151 gy\u0151ztesre, amint kij\u00f6nnek az oddsokkal, cikk\u00fcnket friss\u00edtj\u00fck. <\/p>\n","protected":false},"excerpt":{"rendered":"<p>Id\u00e9n is Dortmundban rendezik meg a PDC Eur\u00f3pa-bajnoks\u00e1g\u00e1t, ahol 32 j\u00e1t\u00e9kos m\u00e9ri \u00f6ssze a tud\u00e1s\u00e1t. Ebben a cikkben minden l\u00e9nyegi inform\u00e1ci\u00f3t megtal\u00e1lsz a PDC 2025-\u00f6s Eur\u00f3pa-bajnoks\u00e1g\u00e1r\u00f3l. Helysz\u00edn \u00e9s id\u0151pont A 2025-\u00f6s European Championship (Machineseeker European Championship n\u00e9ven) 2025. okt\u00f3ber 23\u201326. k\u00f6z\u00f6tt ker\u00fcl megrendez\u00e9sre, Dortmundban a Westfalenhalle csarnokban. A mostani lesz zsin\u00f3rban a negyedik alkalom, hogy [&hellip;]<\/p>\n","protected":false},"author":7,"featured_media":777,"comment_status":"open","ping_status":"open","sticky":false,"template":"","format":"standard","meta":{"_acf_changed":false,"footnotes":""},"categories":[65],"tags":[263,264],"class_list":["post-962","post","type-post","status-publish","format-standard","has-post-thumbnail","hentry","category-hirek","tag-bukmekerek","tag-darts-hu"],"acf":[],"aioseo_notices":[],"_links":{"self":[{"href":"https:\/\/topsters.com\/hu\/wp-json\/wp\/v2\/posts\/962","targetHints":{"allow":["GET"]}}],"collection":[{"href":"https:\/\/topsters.com\/hu\/wp-json\/wp\/v2\/posts"}],"about":[{"href":"https:\/\/topsters.com\/hu\/wp-json\/wp\/v2\/types\/post"}],"author":[{"embeddable":true,"href":"https:\/\/topsters.com\/hu\/wp-json\/wp\/v2\/users\/7"}],"replies":[{"embeddable":true,"href":"https:\/\/topsters.com\/hu\/wp-json\/wp\/v2\/comments?post=962"}],"version-history":[{"count":1,"href":"https:\/\/topsters.com\/hu\/wp-json\/wp\/v2\/posts\/962\/revisions"}],"predecessor-version":[{"id":966,"href":"https:\/\/topsters.com\/hu\/wp-json\/wp\/v2\/posts\/962\/revisions\/966"}],"wp:featuredmedia":[{"embeddable":true,"href":"https:\/\/topsters.com\/hu\/wp-json\/wp\/v2\/media\/777"}],"wp:attachment":[{"href":"https:\/\/topsters.com\/hu\/wp-json\/wp\/v2\/media?parent=962"}],"wp:term":[{"taxonomy":"category","embeddable":true,"href":"https:\/\/topsters.com\/hu\/wp-json\/wp\/v2\/categories?post=962"},{"taxonomy":"post_tag","embeddable":true,"href":"https:\/\/topsters.com\/hu\/wp-json\/wp\/v2\/tags?post=962"}],"curies":[{"name":"wp","href":"https:\/\/api.w.org\/{rel}","templated":true}]}}