{"id":927,"date":"2025-10-28T14:05:37","date_gmt":"2025-10-28T14:05:37","guid":{"rendered":"http:\/\/178.104.60.165\/?p=927"},"modified":"2026-03-25T09:25:21","modified_gmt":"2026-03-25T09:25:21","slug":"formula-1-brazil-nagydij-2025-menetrend-tv-kozvetites-eselyek","status":"publish","type":"post","link":"https:\/\/topsters.com\/hu\/formula-1-brazil-nagydij-2025-menetrend-tv-kozvetites-eselyek\/","title":{"rendered":"Formula-1 Brazil Nagyd\u00edj 2025 \u2013 menetrend, tv-k\u00f6zvet\u00edt\u00e9s, es\u00e9lyek"},"content":{"rendered":"\n<p><strong>Formula\u20131 Brazil Nagyd\u00edj 2025 \u2013 minden, amit tudni \u00e9rdemes<\/strong><\/p>\n\n\n\n<p>A 2025-\u00f6s Forma\u20131-es szezon a hajr\u00e1j\u00e1hoz \u00e9rkezik, hiszen a <strong>Brazil Nagyd\u00edj<\/strong> az \u00e9vad <strong>21. versenye<\/strong>, \u00edgy ezen k\u00edv\u00fcl m\u00e1r csak h\u00e1rom futam v\u00e1r a csapatokra. A mez\u0151ny ism\u00e9t a legend\u00e1s <strong>interlagosi<\/strong> p\u00e1ly\u00e1ra l\u00e1togat, ahol m\u00e1r t\u00f6bb vb-c\u00edm is gazd\u00e1ra tal\u00e1lt. Id\u00e9n ez biztosan nem k\u00f6vetkezik be, \u00f3ri\u00e1si a harc a h\u00e1rom \u00e9llovas k\u00f6z\u00f6tt a vil\u00e1gbajnoki tr\u00f3fe\u00e1\u00e9rt.<br>A p\u00e1lya r\u00f6vid, hull\u00e1mz\u00f3 \u00e9s technik\u00e1s vonalvezet\u00e9se miatt rendszeresen izgalmas futamokat hoz, r\u00e1ad\u00e1sul 2025-ben is sprintfutam sz\u00ednes\u00edti a programot.<\/p>\n\n\n\n<p>A <strong>versenyh\u00e9tv\u00e9g\u00e9t 2025. november 7-9. k\u00f6z\u00f6tt<\/strong> rendezik.<\/p>\n\n\n\n<p><\/p>\n\n\n\n<figure class=\"wp-block-gallery has-nested-images columns-default is-cropped wp-block-gallery-1 is-layout-flex wp-block-gallery-is-layout-flex\">\n<figure class=\"wp-block-image size-full\"><img decoding=\"async\" data-id=\"26067\" src=\"https:\/\/topsters.com\/wp-content\/uploads\/2025\/10\/Lando_Norris_f1_forma1.jpg\" alt=\"Norris 2025-ben a Brazil Nagyd\u00edjon is folytatja a j\u00f3 sorozat\u00e1t?\" class=\"wp-image-26067\" \/><\/figure>\n<\/figure>\n\n\n\n<hr class=\"wp-block-separator has-alpha-channel-opacity\" \/>\n\n\n\n<h2 class=\"wp-block-heading\"><strong>Formula- 1 Brazil Nagyd\u00edj 2025 menetrend \u00e9s TV-k\u00f6zvet\u00edt\u00e9s<\/strong><\/h2>\n\n\n\n<p><strong>P\u00e9ntek, novmeber 7.<\/strong><\/p>\n\n\n\n<ul class=\"wp-block-list\">\n<li>15:30 &#8211; 1. szabadedz\u00e9s <em>(M4 Sport)<\/em><\/li>\n\n\n\n<li>19:30 &#8211; Sprintid\u0151m\u00e9r\u0151 <em>(M4 Sport)<\/em><\/li>\n<\/ul>\n\n\n\n<p><strong>Szombat, november 8.<\/strong><\/p>\n\n\n\n<ul class=\"wp-block-list\">\n<li>16:00 &#8211; Sprintfutam <em>(M4 Sport)<\/em><\/li>\n\n\n\n<li>19:00 &#8211; Id\u0151m\u00e9r\u0151 edz\u00e9s <em>(M4 Sport)<\/em><\/li>\n<\/ul>\n\n\n\n<p><strong>Vas\u00e1rnap, november 9.<\/strong><\/p>\n\n\n\n<ul class=\"wp-block-list\">\n<li>18:00 &#8211; Futam <em>(M4 Sport)<\/em><\/li>\n<\/ul>\n\n\n\n<hr class=\"wp-block-separator has-alpha-channel-opacity\" \/>\n\n\n\n<h2 class=\"wp-block-heading\"><strong>Kor\u00e1bbi Brazil Nagyd\u00edj-gy\u0151ztesek<\/strong><\/h2>\n\n\n\n<p>Az elm\u00falt \u00e9vekben <strong>Max Verstappen<\/strong> uralta Interlagost, tavaly egy eml\u00e9kezetes gy\u0151zelmet aratott a brazil es\u0151ben. Azonban egy olyan p\u00e1ly\u00e1r\u00f3l besz\u00e9l\u00fcnk ahol lehet el\u0151zni, \u00edgy \u00e1ltal\u00e1ban izgalmas \u00e9s fordulatos futamokra van kil\u00e1t\u00e1s &#8211; f\u0151leg ha az id\u0151j\u00e1r\u00e1s is k\u00f6zbesz\u00f3l. <\/p>\n\n\n\n<figure class=\"wp-block-table\"><table class=\"has-fixed-layout\"><thead><tr><th>\u00c9v<\/th><th>Gy\u0151ztes<\/th><th>Csapat<\/th><\/tr><\/thead><tbody><tr><td>2024<\/td><td>Max Verstappen<\/td><td>Red Bull Racing<\/td><\/tr><tr><td>2023<\/td><td>Max Verstappen<\/td><td>Red Bull Racing<\/td><\/tr><tr><td>2022<\/td><td>George Russell<\/td><td>Mercedes<\/td><\/tr><tr><td>2021<\/td><td>Lewis Hamilton<\/td><td>Mercedes<\/td><\/tr><tr><td>2019<\/td><td>Max Verstappen<\/td><td>Red Bull Racing<\/td><\/tr><tr><td>2018<\/td><td>Lewis Hamilton<\/td><td>Mercedes<\/td><\/tr><\/tbody><\/table><\/figure>\n\n\n\n<hr class=\"wp-block-separator has-alpha-channel-opacity\" \/>\n\n\n\n<h2 class=\"wp-block-heading\"><strong>Brazil Nagyd\u00edj 2025 \u2013 Es\u00e9lyek \u00e9s fogad\u00e1si szorz\u00f3k<\/strong><\/h2>\n\n\n\n<p>A bajnoki hajr\u00e1ra \u00e9rve minden pont m\u00e1r extr\u00e1n sz\u00e1m\u00edt. Max Verstappen 36 pontos h\u00e1tr\u00e1nya miatt \u00f6sszetettben kulcsk\u00e9rd\u00e9s lenne a gy\u0151zelem a f\u0151futamon. A k\u00e9t McLaren-pil\u00f3ta pedig egym\u00e1s k\u00f6z\u00f6tt meccselheti le. Egy esetleges kies\u00e9s egyik oldalon sem f\u00e9r bele, \u00edgy nem lehet mindent feltenni egy lapra sem Norrisnak, sem Piastrinak. <\/p>\n\n\n\n<p>A p\u00e1lya alapvet\u0151en fekszik a McLarennek, \u00edgy Norris j\u00f3 form\u00e1ja miatt egy\u00e9rtelm\u0171en a legnagyobb favorit a h\u00e9tv\u00e9g\u00e9re. Max Verstappen viszont Mexik\u00f3ban is megmutatta, hogy k\u00e9pes mindent kihozni az aut\u00f3b\u00f3l. Ha pedig nehezek a k\u00f6r\u00fclm\u00e9nyek, az csak m\u00e9g jobb a hollandnak. <\/p>\n\n\n\n<p>A <strong>Ferrari<\/strong> \u00e9s a <strong>Mercedes<\/strong> pil\u00f3t\u00e1i a konstrukt\u0151ri harccal foglalkoznak els\u0151sorban, de a Ferrari az elm\u00falt k\u00e9t futamon egy\u00e9rtelm\u0171en er\u0151sebb. Viszont Braz\u00edli\u00e1ban az ut\u00f3bbi \u00e9vekben rendszerint szenvedtek, \u00edgy a Mercedes \u00fajra \u00e1tveheti a m\u00e1sodik helyet a konstrukt\u0151ri tabell\u00e1n.<\/p>\n\n\n\n<p>A <a href=\"https:\/\/topsters.com\/rabona-review\/\" title=\"\">Rabona fogad\u00f3irod\u00e1n\u00e1l<\/a> egy\u00e9rtelm\u0171en h\u00e1rom versenyz\u0151 harc\u00e1t hozhatja a Brazil Nagyd\u00edj, komoly meglepet\u00e9s lenne ha nem a vb-\u00e9llovasok k\u00f6z\u00f6tt d\u0151lne el a futam. <\/p>\n\n\n\n<div class=\"wp-block-buttons is-content-justification-center is-layout-flex wp-container-core-buttons-is-layout-16018d1d wp-block-buttons-is-layout-flex\">\n<div class=\"wp-block-button\"><a class=\"wp-block-button__link has-vivid-green-cyan-background-color has-background wp-element-button\" href=\"https:\/\/rbn.fynkelto.com\/?mid=57109_1543136&amp;clickid=topsters\"><strong>Max Verstappen@<\/strong>2.60<strong> <\/strong><\/a><\/div>\n\n\n\n<div class=\"wp-block-button\"><a class=\"wp-block-button__link has-vivid-green-cyan-background-color has-background wp-element-button\" href=\"https:\/\/rbn.fynkelto.com\/?mid=57109_1543136&amp;clickid=topsters\"><strong>Lando Norris@2<\/strong>.60<\/a><\/div>\n\n\n\n<div class=\"wp-block-button\"><a class=\"wp-block-button__link has-vivid-green-cyan-background-color has-background wp-element-button\" href=\"https:\/\/rbn.fynkelto.com\/?mid=57109_1543136&amp;clickid=topsters\"><strong>Oscar Piastri@4<\/strong>.00<\/a><\/div>\n\n\n\n<div class=\"wp-block-button\"><a class=\"wp-block-button__link has-vivid-green-cyan-background-color has-background wp-element-button\" href=\"https:\/\/rbn.fynkelto.com\/?mid=57109_1543136&amp;clickid=topsters\"><strong>Charles Leclerc@1<\/strong>7<strong>.00 <\/strong><\/a><\/div>\n\n\n\n<div class=\"wp-block-button\"><a class=\"wp-block-button__link has-vivid-green-cyan-background-color has-background wp-element-button\" href=\"https:\/\/rbn.fynkelto.com\/?mid=57109_1543136&amp;clickid=topsters\"><strong>George Russell@1<\/strong>7<strong>.00<\/strong><\/a><\/div>\n<\/div>\n\n\n\n<p><\/p>\n\n\n\n<p><\/p>\n","protected":false},"excerpt":{"rendered":"<p>Formula\u20131 Brazil Nagyd\u00edj 2025 \u2013 minden, amit tudni \u00e9rdemes A 2025-\u00f6s Forma\u20131-es szezon a hajr\u00e1j\u00e1hoz \u00e9rkezik, hiszen a Brazil Nagyd\u00edj az \u00e9vad 21. versenye, \u00edgy ezen k\u00edv\u00fcl m\u00e1r csak h\u00e1rom futam v\u00e1r a csapatokra. A mez\u0151ny ism\u00e9t a legend\u00e1s interlagosi p\u00e1ly\u00e1ra l\u00e1togat, ahol m\u00e1r t\u00f6bb vb-c\u00edm is gazd\u00e1ra tal\u00e1lt. Id\u00e9n ez biztosan nem k\u00f6vetkezik be, [&hellip;]<\/p>\n","protected":false},"author":5,"featured_media":928,"comment_status":"open","ping_status":"open","sticky":false,"template":"","format":"standard","meta":{"_acf_changed":false,"footnotes":""},"categories":[293,65,268],"tags":[266,267,242],"class_list":["post-927","post","type-post","status-publish","format-standard","has-post-thumbnail","hentry","category-egyeni-sportok","category-hirek","category-ingyenes-tippek","tag-formula-1-hu","tag-rabona-hu","tag-sportfogadas"],"acf":[],"aioseo_notices":[],"_links":{"self":[{"href":"https:\/\/topsters.com\/hu\/wp-json\/wp\/v2\/posts\/927","targetHints":{"allow":["GET"]}}],"collection":[{"href":"https:\/\/topsters.com\/hu\/wp-json\/wp\/v2\/posts"}],"about":[{"href":"https:\/\/topsters.com\/hu\/wp-json\/wp\/v2\/types\/post"}],"author":[{"embeddable":true,"href":"https:\/\/topsters.com\/hu\/wp-json\/wp\/v2\/users\/5"}],"replies":[{"embeddable":true,"href":"https:\/\/topsters.com\/hu\/wp-json\/wp\/v2\/comments?post=927"}],"version-history":[{"count":2,"href":"https:\/\/topsters.com\/hu\/wp-json\/wp\/v2\/posts\/927\/revisions"}],"predecessor-version":[{"id":11246,"href":"https:\/\/topsters.com\/hu\/wp-json\/wp\/v2\/posts\/927\/revisions\/11246"}],"wp:featuredmedia":[{"embeddable":true,"href":"https:\/\/topsters.com\/hu\/wp-json\/wp\/v2\/media\/928"}],"wp:attachment":[{"href":"https:\/\/topsters.com\/hu\/wp-json\/wp\/v2\/media?parent=927"}],"wp:term":[{"taxonomy":"category","embeddable":true,"href":"https:\/\/topsters.com\/hu\/wp-json\/wp\/v2\/categories?post=927"},{"taxonomy":"post_tag","embeddable":true,"href":"https:\/\/topsters.com\/hu\/wp-json\/wp\/v2\/tags?post=927"}],"curies":[{"name":"wp","href":"https:\/\/api.w.org\/{rel}","templated":true}]}}