{"id":884,"date":"2025-11-07T11:05:41","date_gmt":"2025-11-07T11:05:41","guid":{"rendered":"http:\/\/178.104.60.165\/?p=884"},"modified":"2026-03-25T09:25:20","modified_gmt":"2026-03-25T09:25:20","slug":"atp-finals-2025-helyszin-menetrend-kozvetites-eselyesek","status":"publish","type":"post","link":"https:\/\/topsters.com\/hu\/atp-finals-2025-helyszin-menetrend-kozvetites-eselyesek\/","title":{"rendered":"ATP Finals 2025: helysz\u00edn, menetrend, k\u00f6zvet\u00edt\u00e9s, es\u00e9lyesek"},"content":{"rendered":"\n<p class=\"has-medium-font-size\"><strong>Az ATP Finals 2025 a f\u00e9rfi teniszszezon cs\u00facspontja, ahol az \u00e9v nyolc legjobb j\u00e1t\u00e9kosa m\u00e9ri \u00f6ssze erej\u00e9t Torin\u00f3ban. Az esem\u00e9ny a sport\u00e1g egyik legnagyobb preszt\u00edzs\u0171 torn\u00e1ja, amely lez\u00e1rja az \u00e9ves ATP Tour-t, \u00e9s megkoron\u00e1zza az id\u00e9ny bajnok\u00e1t.<\/strong> <strong>Ebben a cikkben \u00f6sszeszedt\u00fcnk minden l\u00e9nyeges inform\u00e1ci\u00f3t. <\/strong><\/p>\n\n\n\n<figure class=\"wp-block-image size-full\"><img decoding=\"async\" src=\"https:\/\/topsters.com\/wp-content\/uploads\/2025\/11\/atp_finals_2025.jpg\" alt=\"atp finals 2025\" class=\"wp-image-26333\" \/><\/figure>\n\n\n\n<h2 class=\"wp-block-heading\">Helysz\u00edn \u00e9s id\u0151pont \u2013 hol rendezik az ATP Finals 2025 torn\u00e1t?<\/h2>\n\n\n\n<p>A <strong>2025-\u00f6s ATP Finals helysz\u00edne<\/strong> ism\u00e9t <strong>Torin\u00f3 (Olaszorsz\u00e1g)<\/strong> lesz, m\u00e9ghozz\u00e1 az <strong>impoz\u00e1ns Pala Alpitour Ar\u00e9n\u00e1ban<\/strong>, amely 15 000 n\u00e9z\u0151 befogad\u00e1s\u00e1ra alkalmas. <\/p>\n\n\n\n<p>A torna id\u0151pontja:   <strong>2025. november 9\u201316.<\/strong><\/p>\n\n\n\n<p>Torin\u00f3 k\u00fcl\u00f6nleges atmoszf\u00e9r\u00e1ja, az olasz k\u00f6z\u00f6ns\u00e9g szenved\u00e9lye \u00e9s a modern infrastrukt\u00fara miatt az ATP \u00e9s a j\u00e1t\u00e9kosok k\u00f6r\u00e9ben is az egyik legkedveltebb helysz\u00edn lett. A v\u00e1ros ide\u00e1lis c\u00e9lpont a teniszrajong\u00f3knak: nemcsak a meccsek, de a v\u00e1rosn\u00e9z\u00e9s \u00e9s a gasztron\u00f3mia miatt is \u00e9rdemes ell\u00e1togatni ide.<\/p>\n\n\n\n<h2 class=\"wp-block-heading\">Lebonyol\u00edt\u00e1s \u00e9s menetrend \u2013 hogyan zajlik az ATP Finals 2025?<\/h2>\n\n\n\n<p>A <strong>torin\u00f3i ATP Finals 2025 menetrendje<\/strong> a megszokott csoportos rendszerben \u00e9p\u00fcl fel. A nyolc legjobb teniszez\u0151t k\u00e9t n\u00e9gyf\u0151s csoportba osztj\u00e1k, ahol k\u00f6rm\u00e9rk\u0151z\u00e9seket j\u00e1tszanak. A k\u00e9t csoport els\u0151 k\u00e9t helyezettje jut be az el\u0151d\u00f6nt\u0151be, majd a gy\u0151ztesek megk\u00fczdenek a <strong>vil\u00e1gbajnoki c\u00edm\u00e9rt<\/strong>.<\/p>\n\n\n\n<p><strong>V\u00e1rhat\u00f3 menetrend:<\/strong><\/p>\n\n\n\n<ul class=\"wp-block-list\">\n<li><strong>November 9\u201312.<\/strong> \u2013 Csoportmeccsek (napi k\u00e9t m\u00e9rk\u0151z\u00e9s)<\/li>\n\n\n\n<li><strong>November 13\u201314.<\/strong> \u2013 Utols\u00f3 csoportk\u00f6r, helyez\u00e9sek eld\u00f6nt\u00e9se<\/li>\n\n\n\n<li><strong>November 15.<\/strong> \u2013 El\u0151d\u00f6nt\u0151k<\/li>\n\n\n\n<li><strong>November 16.<\/strong> \u2013 D\u00f6nt\u0151 (egy\u00e9ni \u00e9s p\u00e1ros)<\/li>\n<\/ul>\n\n\n\n<p>A torna <strong>fedett, kem\u00e9nyp\u00e1ly\u00e1s<\/strong> bor\u00edt\u00e1son zajlik, ami gyors j\u00e1t\u00e9kot \u00e9s r\u00f6videbb labdameneteket eredm\u00e9nyez \u2013 kedvezve az agressz\u00edv, t\u00e1mad\u00f3 st\u00edlus\u00fa teniszez\u0151knek.<\/p>\n\n\n\n<h2 class=\"wp-block-heading\">ATP Finals 2025 tv k\u00f6zvet\u00edt\u00e9s magyarul \u2013 hol n\u00e9zheted a meccseket?<\/h2>\n\n\n\n<p>A magyar rajong\u00f3k sz\u00e1m\u00e1ra a <strong>2025-\u00f6s ATP Finals k\u00f6zvet\u00edt\u00e9se<\/strong> t\u00f6bb platformon is el\u00e9rhet\u0151 lesz.<br>A m\u00e9rk\u0151z\u00e9seket v\u00e1rhat\u00f3an a <strong>Eurosport<\/strong> \u00e9s a <strong>Max (kor\u00e1bban HBO Max)<\/strong> szolg\u00e1ltat\u00e1sok k\u00f6zvet\u00edtik <strong>magyar komment\u00e1rral<\/strong>.<\/p>\n\n\n\n<p>Emellett az <strong>ATP hivatalos Tennis TV<\/strong> online platformja is \u00e9l\u0151 streamet biztos\u00edt a teljes torna ideje alatt, HD min\u0151s\u00e9gben. A legfontosabb pillanatok, interj\u00fak \u00e9s \u00f6sszefoglal\u00f3k el\u00e9rhet\u0151k lesznek az <strong>ATP Tour hivatalos YouTube-csatorn\u00e1j\u00e1n<\/strong> is.<\/p>\n\n\n\n<p><strong>Tipp:<\/strong> \u00e9rdemes el\u0151re k\u00f6vetni a Eurosport m\u0171sorrendj\u00e9t, mivel a d\u00e9lut\u00e1ni \u00e9s esti session\u00f6k k\u00fcl\u00f6n id\u0151pontokban kezd\u0151dnek (\u00e1ltal\u00e1ban 14:00 \u00e9s 21:00 k\u00f6z\u00f6tt).<\/p>\n\n\n\n<h2 class=\"wp-block-heading\">ATP Finals 2025 p\u00e9nzd\u00edjak <\/h2>\n\n\n\n<p>Az idei torna \u00f6sszed\u00edjaz\u00e1sa 15. 500. 000 doll\u00e1r k\u00f6r\u00fcl mozog. A j\u00e1t\u00e9kosok m\u00e1r a r\u00e9szv\u00e9tel\u00e9rt is komoly p\u00e9nzd\u00edjaz\u00e1sban r\u00e9szes\u00fclnek, ha pedig valaki veretlen\u00fcl v\u00e9gigveri a mez\u0151nyt, akkor 5 milli\u00f3 doll\u00e1rral lehet gazdagabb. <\/p>\n\n\n\n<p>A versenyen vil\u00e1granglista-pontok is szerezhet\u0151ek, egy csoportban aratott gy\u0151zelem 200 pontot \u00e9r, az el\u0151d\u00f6nt\u0151be jut\u00e1s 400, a d\u00f6nt\u0151be jut\u00e1s pedig 500 pontot jelenthet. Ha valaki veretlen\u00fcl megnyeri a vb-t, akkor 1500 ranglista pontot szerezhet. <\/p>\n\n\n\n<figure class=\"wp-block-table\"><table class=\"has-fixed-layout\"><thead><tr><th class=\"has-text-align-center\" data-align=\"center\"><strong>F\u00e9rfi egy\u00e9ni p\u00e9nzd\u00edjak (2025)<\/strong><\/th><th class=\"has-text-align-center\" data-align=\"center\">P\u00e9nzd\u00edjaz\u00e1s <\/th><\/tr><\/thead><tbody><tr><td class=\"has-text-align-center\" data-align=\"center\">R\u00e9szv\u00e9teli d\u00edj  <\/td><td class=\"has-text-align-center\" data-align=\"center\">$331,000*<\/td><\/tr><tr><td class=\"has-text-align-center\" data-align=\"center\">Csoportban aratott gy\u0151zelem <\/td><td class=\"has-text-align-center\" data-align=\"center\">$396,500<\/td><\/tr><tr><td class=\"has-text-align-center\" data-align=\"center\">El\u0151d\u00f6nt\u0151 <\/td><td class=\"has-text-align-center\" data-align=\"center\">$1,183,500<\/td><\/tr><tr><td class=\"has-text-align-center\" data-align=\"center\">D\u00f6nt\u0151 <\/td><td class=\"has-text-align-center\" data-align=\"center\">$2,367,00<\/td><\/tr><tr><td class=\"has-text-align-center\" data-align=\"center\">Veretlen bajnok <\/td><td class=\"has-text-align-center\" data-align=\"center\">$5,071,000<\/td><\/tr><\/tbody><\/table><\/figure>\n\n\n\n<h2 class=\"wp-block-heading\">ATP Finals 2025 jegyek \u2013 \u00e1rak, foglal\u00e1s, tippek<\/h2>\n\n\n\n<p>A <strong>2025-\u00f6s ATP Finals jegyek<\/strong> ir\u00e1nt \u00f3ri\u00e1si az \u00e9rdekl\u0151d\u00e9s, ez\u00e9rt \u00e9rdemes kor\u00e1n l\u00e9pni.<br>A hivatalos jegy\u00e9rt\u00e9kes\u00edt\u00e9s v\u00e1rhat\u00f3an <strong>2025 tavasz\u00e1n<\/strong> indul a <strong><a href=\"https:\/\/www.nittoatpfinals.com\/\">Nitto ATP Finals hivatalos oldal\u00e1n<\/a><\/strong> \u00e9s a <strong>Pala Alpitour<\/strong> jegyirod\u00e1in kereszt\u00fcl.<\/p>\n\n\n\n<p><strong>Jegyt\u00edpusok \u00e9s \u00e1rkateg\u00f3ri\u00e1k:<\/strong><\/p>\n\n\n\n<ul class=\"wp-block-list\">\n<li>Egynapos bel\u00e9p\u0151 (kb. 50\u2013150 eur\u00f3)<\/li>\n\n\n\n<li>Esti session jegy<\/li>\n\n\n\n<li>Heti b\u00e9rlet a teljes torn\u00e1ra (kb. 400\u2013600 eur\u00f3)<\/li>\n\n\n\n<li>VIP \u00e9s hospitality csomagok<\/li>\n<\/ul>\n\n\n\n<p>A jegyek gyorsan elfogynak, f\u0151leg a d\u00f6nt\u0151 h\u00e9tv\u00e9g\u00e9j\u00e9re, ez\u00e9rt javasolt el\u0151re regisztr\u00e1lni \u00e9s a <strong>korai foglal\u00e1si akci\u00f3kat<\/strong> figyelni.<\/p>\n\n\n\n<p>A legt\u00f6bb jegy elektronikus form\u00e1ban \u00e9rkezik, \u00edgy a bel\u00e9p\u00e9s gyors \u00e9s k\u00e9nyelmes.<\/p>\n\n\n\n<h2 class=\"wp-block-heading\">ATP Finals 2025 r\u00e9sztvev\u0151k \u2013 kik j\u00e1tszanak Torin\u00f3ban?<\/h2>\n\n\n\n<p>A 2025-\u00f6s ATP Finals mez\u0151ny\u00e9t az \u00e9v sor\u00e1n szerzett pontok alapj\u00e1n \u00e1ll\u00edtj\u00e1k \u00f6ssze. A top 8 j\u00e1t\u00e9kos automatikusan kvalifik\u00e1lja mag\u00e1t, tov\u00e1bbi k\u00e9t tartal\u00e9kot pedig az ATP jel\u00f6l ki. <\/p>\n\n\n\n<p>Novak Djokovics Ath\u00e9nban aratott gy\u0151zelme ut\u00e1n eld\u0151lt, hogy F\u00e9lix Auger-Aliassime jutott be nyolcadikk\u00e9nt a vil\u00e1gbajnoks\u00e1gra. Ugyanakkor a 38 \u00e9ves szerb klasszis a gy\u0151zelme ut\u00e1n bejelentette, hogy nem v\u00e1llalja a szerepl\u00e9s Torin\u00f3ban, \u00edgy helyette az a Lorenzo Musetti ker\u00fclt be, akit legy\u0151z\u00f6tt a Hell\u00e9n Openen. <\/p>\n\n\n\n<p>Djokovics tavaly sem indult m\u00e1r ezen a versenyen, \u00edgy nem volt igaz\u00e1n meglepet\u00e9s, hogy lemondta a r\u00e9szv\u00e9telt. <\/p>\n\n\n\n<p>Az <strong>ATP Finals 2025 r\u00e9sztvev\u0151k<\/strong>:<\/p>\n\n\n\n<ul class=\"wp-block-list\">\n<li>  <strong>Jannik Sinner<\/strong> <\/li>\n\n\n\n<li>  <strong>Carlos Alcaraz<\/strong> <\/li>\n\n\n\n<li>  <strong>Alexander Zverev<\/strong><\/li>\n\n\n\n<li>  <strong>Taylor Fritz <\/strong><\/li>\n\n\n\n<li>  <strong>Ben Shelton<\/strong><\/li>\n\n\n\n<li><strong> <\/strong>  <strong>Alex De Minaur <\/strong><\/li>\n\n\n\n<li>  <strong>F\u00e9lix Auger-Aliassime <\/strong><\/li>\n\n\n\n<li>  <strong>Lorenzo Musetti <\/strong><\/li>\n<\/ul>\n\n\n\n<h2 class=\"wp-block-heading\">Kor\u00e1bbi bajnokok <\/h2>\n\n\n\n<p>Az els\u0151 \u00e9v v\u00e9gi vil\u00e1gbajnoks\u00e1got 1970-ben rendezt\u00e9k meg Toki\u00f3ban. Akkor m\u00e9g h\u00e1rom nyert szettre mentek a m\u00e9rk\u0151z\u00e9sek \u00e9s Masters Grand Prix-nek h\u00edvt\u00e1k a versenyt. 1999-ben nevezt\u00e9k \u00e1t Mesterek Kup\u00e1j\u00e1nak \u00e9s akkor alakult ki a mostani nyolc f\u0151s form\u00e1tuma a torn\u00e1nak.<\/p>\n\n\n\n<p>A vil\u00e1gbajnoks\u00e1gok rekordere <strong>Novak Djokovics<\/strong>, aki \u00f6sszesen h\u00e9t alakalommal nyerte meg a torn\u00e1t. A m\u00e1sodik helyen a nagy riv\u00e1lis <strong>Roger Federer<\/strong> nev\u00e9t tal\u00e1ljuk, aki hatszor diadalmaskodott. <strong>Pete Sampras<\/strong> \u00e9s <strong>Ivan Lendl <\/strong>egyar\u00e1nt 5-5 alkalommal nyert\u00e9k meg a vil\u00e1gbajnoks\u00e1got. <\/p>\n\n\n\n<p>Az akt\u00edv j\u00e1t\u00e9kosok k\u00f6z\u00fcl egyed\u00fcl <strong>Alexander Zverev<\/strong> mondhatja el mag\u00e1r\u00f3l, hogy egyn\u00e9l t\u00f6bb alkalommal meg tudta nyerni az \u00e9v v\u00e9gi vil\u00e1gbajnoks\u00e1got, a n\u00e9met klasszis 2018-ban \u00e9s 2021-ben is nyerni tudott.<\/p>\n\n\n\n<p>Az aktu\u00e1lis mez\u0151nyb\u0151l <strong>Jannik Sinner<\/strong> rendelkezik m\u00e9g vb-c\u00edmmel, az olasz vil\u00e1gels\u0151 2024-ben aratott gy\u0151zelmet ezen a torn\u00e1n.<\/p>\n\n\n\n<ul class=\"wp-block-list\">\n<li><strong>Novak Djokovic<\/strong> \u2013 7 gy\u0151zelem (rekorder)<\/li>\n\n\n\n<li><strong>Roger Federer<\/strong> \u2013 6 c\u00edm<\/li>\n\n\n\n<li><strong>Pete Sampras<\/strong>, <strong>Ivan Lendl<\/strong> \u2013 5-5 gy\u0151zelem<\/li>\n\n\n\n<li><strong>Alexander Zverev<\/strong> \u2013 k\u00e9tszeres bajnok (2018, 2021)<\/li>\n\n\n\n<li><strong>Jannik Sinner<\/strong> \u2013 2023-ban d\u00f6nt\u0151s, 2025-ben hazai favorit<\/li>\n<\/ul>\n\n\n\n<p>A torna minden \u00e9vben megmutatja, ki tud a legjobban alkalmazkodni a szezon v\u00e9g\u00e9re, fizikailag \u00e9s ment\u00e1lisan is a cs\u00facson maradva.<\/p>\n\n\n\n<h2 class=\"wp-block-heading\">ATP Finals 2025 es\u00e9lyesek <\/h2>\n\n\n\n<p>A <strong>2025-\u00f6s ATP Finals es\u00e9lyesei<\/strong> k\u00f6z\u00f6tt t\u00f6bb n\u00e9v is szerepel, \u00e9s a v\u00e9gs\u0151 gy\u0151zelem kimenetele kisz\u00e1m\u00edthatatlan. Ez a verseny az\u00e9rt is kisz\u00e1m\u00edthatatlan, mert \u00e9v v\u00e9g\u00e9re a j\u00e1t\u00e9kosok fizikailag kimer\u00fclnek, ez\u00e9rt nem tudni milyen form\u00e1ban \u00e9s motiv\u00e1ci\u00f3val \u00e9rkeznek meg a versenyre. <\/p>\n\n\n\n<p>A szak\u00e9rt\u0151k \u00e9s<a href=\"https:\/\/topsters.com\/hu\/minden-amit-a-rabona-rol-tudni-kell\/\" title=\"\"> a fogad\u00f3irod\u00e1k<\/a> ezzel egy\u00fctt term\u00e9szetesen nem v\u00e1rnak meglepet\u00e9seket. A tavalyi gy\u0151ztes <strong>Jannik Sinnernek<\/strong> nem csak a hazai k\u00f6z\u00f6ns\u00e9g, hanem a bor\u00edt\u00e1s is a &#8216;kez\u00e9re j\u00e1tszik&#8217;. Az olasz r\u00e1ad\u00e1sul topform\u00e1ban \u00e9rkezik, hiszen az elm\u00falt hetekben B\u00e9csben 500-as, P\u00e1rizsban pedig 1000-es torn\u00e1t tudott nyerni.<\/p>\n\n\n\n<p>Sinner legnagyobb kih\u00edv\u00f3ja term\u00e9szetesen <strong>Carlos Alcaraz<\/strong> lehet, akinek a vil\u00e1gels\u0151s\u00e9g visszaszerz\u00e9se is a c\u00e9lja. A spanyol azonban nem a leger\u0151sebb tenisz\u00e9t ny\u00fajtja teremben, P\u00e1rizsban is els\u0151 k\u00f6rben kiesett. <\/p>\n\n\n\n<p>Djokovicsot lehet emlegetni az es\u00e9lyesek k\u00f6z\u00f6tt, hiszen ez a bor\u00edt\u00e1s neki fekszik, r\u00e1ad\u00e1sul itt csak k\u00e9t nyert szettig mennek a meccsek. A szerb klasszis ugyanakkor egym\u00e1s ut\u00e1ni k\u00e9t napon m\u00e1r nem igaz\u00e1n tudja a legjobbj\u00e1t hozni, m\u00e1rpedig adott esetben az el\u0151d\u00f6nt\u0151-d\u00f6nt\u0151ben 100 sz\u00e1zal\u00e9kra lehet sz\u00fcks\u00e9ge. <\/p>\n\n\n\n<p>S\u00f6t\u00e9t lovak k\u00f6z\u00f6tt emlegethetj\u00fck a k\u00e9tszeres gy\u0151ztes Zverevet, vagy ak\u00e1r <strong>Ben Sheltont<\/strong> is, de \u00e9rdemes ink\u00e1bb <strong>F\u00e9lix Auger-Aliassimre<\/strong> figyelni. A kanadai az US Open \u00f3ta sz\u00e1rnyal, visszaverekedte mag\u00e1t a TOP10-be, pedig augusztusban m\u00e9g TOP30-n k\u00edv\u00fcl volt. FAA-nak a fedett p\u00e1lya az egyik legjobb bor\u00edt\u00e1sa, megvan a j\u00f3 form\u00e1ja \u00e9s az \u00f6nbizalma is, \u00edgy vesz\u00e9lyes lehet m\u00e9g ak\u00e1r Sinnerre is. <\/p>\n\n\n\n<h2 class=\"wp-block-heading\">ATP Finals 2025 el\u0151rejelz\u00e9s <\/h2>\n\n\n\n<p class=\"has-white-background-color has-background\">V\u00e9lem\u00e9ny\u00fcnk szerint a v\u00e9gs\u0151 gy\u0151ztest illet\u0151en csak az a k\u00e9rd\u00e9s, hogy <strong>Jannik Sinner<\/strong> milyen \u00e1llapotban van. Ha az olasz eg\u00e9szs\u00e9ges \u00e9s nem lesz semmi gondja a test\u00e9vel, akkor neh\u00e9z lesz \u0151t meg\u00e1ll\u00edtani, s\u0151t tal\u00e1n nem is lehet. Sinner legnagyobb kih\u00edv\u00f3ja a nagy riv\u00e1lis Alcaraz lehet, aki id\u00e9n m\u00e1r t\u00f6bb nagy torna fin\u00e1l\u00e9j\u00e1ban legy\u0151zte \u0151t. Ugyanakkor ezen a bor\u00edt\u00e1son, ilyen k\u00f6r\u00fclm\u00e9nyek k\u00f6z\u00f6tt a spanyolnak most kev\u00e9s es\u00e9lye lesz. <\/p>\n\n\n\n<div class=\"wp-block-group alignfull has-text-color has-background\" style=\"color:#000000;background-color:#ffffff\"><div class=\"wp-block-group__inner-container is-layout-flow wp-block-group-is-layout-flow\">\n<p class=\"has-text-align-center has-small-font-size\" style=\"line-height:.9\"><strong>ATP FInals 2025<\/strong>  , <strong>Torino<\/strong><\/p>\n\n\n\n<h2 class=\"wp-block-heading has-text-align-center has-white-background-color has-background\" id=\"schedule-a-visit\" style=\"font-size:22px;line-height:1.15\"><strong>Jannik Sinner nyeri a vb-t <\/strong><\/h2>\n\n\n\n<div class=\"wp-block-buttons is-horizontal is-content-justification-center is-layout-flex wp-container-core-buttons-is-layout-499968f5 wp-block-buttons-is-layout-flex\">\n<div class=\"wp-block-button has-custom-width wp-block-button__width-100\"><a class=\"wp-block-button__link has-text-color has-background wp-element-button\" href=\"https:\/\/topsters.com\/hu\/velemenyek-a-ggbet-rol-2025-megeri-jatszani-vagy-sem\/\" style=\"border-radius:50px;color:#ffffff;background-color:#000000\">GGBet @1.85 <\/a><\/div>\n<\/div>\n<\/div><\/div>\n\n\n\n<h2 class=\"wp-block-heading\">\u00d6sszegz\u00e9s<\/h2>\n\n\n\n<p>Az <strong>ATP Finals 2025 Torin\u00f3ban<\/strong> a teniszrajong\u00f3k sz\u00e1m\u00e1ra az \u00e9v egyik legnagyobb sportesem\u00e9nye lesz.<br>Ak\u00e1r a helysz\u00ednen, ak\u00e1r online n\u00e9zed, garant\u00e1lt a vil\u00e1gklasszis sz\u00ednvonal, a fesz\u00fclt hangulat \u00e9s a legnagyobb szt\u00e1rok jelenl\u00e9te.<\/p>\n","protected":false},"excerpt":{"rendered":"<p>Az ATP Finals 2025 a f\u00e9rfi teniszszezon cs\u00facspontja, ahol az \u00e9v nyolc legjobb j\u00e1t\u00e9kosa m\u00e9ri \u00f6ssze erej\u00e9t Torin\u00f3ban. Az esem\u00e9ny a sport\u00e1g egyik legnagyobb preszt\u00edzs\u0171 torn\u00e1ja, amely lez\u00e1rja az \u00e9ves ATP Tour-t, \u00e9s megkoron\u00e1zza az id\u00e9ny bajnok\u00e1t. Ebben a cikkben \u00f6sszeszedt\u00fcnk minden l\u00e9nyeges inform\u00e1ci\u00f3t. Helysz\u00edn \u00e9s id\u0151pont \u2013 hol rendezik az ATP Finals 2025 torn\u00e1t? [&hellip;]<\/p>\n","protected":false},"author":8,"featured_media":885,"comment_status":"open","ping_status":"open","sticky":false,"template":"","format":"standard","meta":{"_acf_changed":false,"footnotes":""},"categories":[65,268,296],"tags":[265],"class_list":["post-884","post","type-post","status-publish","format-standard","has-post-thumbnail","hentry","category-hirek","category-ingyenes-tippek","category-tenisz","tag-tenisz"],"acf":[],"aioseo_notices":[],"_links":{"self":[{"href":"https:\/\/topsters.com\/hu\/wp-json\/wp\/v2\/posts\/884","targetHints":{"allow":["GET"]}}],"collection":[{"href":"https:\/\/topsters.com\/hu\/wp-json\/wp\/v2\/posts"}],"about":[{"href":"https:\/\/topsters.com\/hu\/wp-json\/wp\/v2\/types\/post"}],"author":[{"embeddable":true,"href":"https:\/\/topsters.com\/hu\/wp-json\/wp\/v2\/users\/8"}],"replies":[{"embeddable":true,"href":"https:\/\/topsters.com\/hu\/wp-json\/wp\/v2\/comments?post=884"}],"version-history":[{"count":2,"href":"https:\/\/topsters.com\/hu\/wp-json\/wp\/v2\/posts\/884\/revisions"}],"predecessor-version":[{"id":11239,"href":"https:\/\/topsters.com\/hu\/wp-json\/wp\/v2\/posts\/884\/revisions\/11239"}],"wp:featuredmedia":[{"embeddable":true,"href":"https:\/\/topsters.com\/hu\/wp-json\/wp\/v2\/media\/885"}],"wp:attachment":[{"href":"https:\/\/topsters.com\/hu\/wp-json\/wp\/v2\/media?parent=884"}],"wp:term":[{"taxonomy":"category","embeddable":true,"href":"https:\/\/topsters.com\/hu\/wp-json\/wp\/v2\/categories?post=884"},{"taxonomy":"post_tag","embeddable":true,"href":"https:\/\/topsters.com\/hu\/wp-json\/wp\/v2\/tags?post=884"}],"curies":[{"name":"wp","href":"https:\/\/api.w.org\/{rel}","templated":true}]}}