{"id":854,"date":"2025-11-19T10:16:24","date_gmt":"2025-11-19T10:16:24","guid":{"rendered":"http:\/\/178.104.60.165\/?p=854"},"modified":"2026-03-25T09:25:19","modified_gmt":"2026-03-25T09:25:19","slug":"noi-kezi-vb-2025-menetrend-jegyek-kozvetites-csoportok","status":"publish","type":"post","link":"https:\/\/topsters.com\/hu\/noi-kezi-vb-2025-menetrend-jegyek-kozvetites-csoportok\/","title":{"rendered":"N\u0151i k\u00e9zi-vb 2025: menetrend, jegyek, k\u00f6zvet\u00edt\u00e9s, csoportok"},"content":{"rendered":"\n<p><strong>A 2025-\u00f6s n\u0151i k\u00e9zilabda vil\u00e1gbajnoks\u00e1gnak k\u00e9t orsz\u00e1g ad otthont, N\u00e9metorsz\u00e1g \u00e9s Hollandia. A c\u00edmv\u00e9d\u0151&nbsp;Franciaorsz\u00e1g, amely v\u00e1logatott a 2023-as fin\u00e1l\u00e9ban a hazai p\u00e1ly\u00e1n j\u00e1tsz\u00f3t Norv\u00e9gi\u00e1t gy\u0151zte le 31-28-ra. L\u00e1ssuk, mit kell tudni a mostani torn\u00e1r\u00f3l!<\/strong><\/p>\n\n\n\n<h2 class=\"wp-block-heading\">N\u0151i k\u00e9zilabda vb 2025 menetrend<\/h2>\n\n\n\n<ul class=\"wp-block-list\">\n<li>Id\u0151pont: November 26-t\u00f3l December 14-ig tart majd a verseny.<\/li>\n\n\n\n<li>A fin\u00e1l\u00e9 id\u0151pontja: a d\u00f6nt\u0151t december 14-\u00e9n, 17:30-kor rendezik meg.<\/li>\n\n\n\n<li>Helysz\u00edn: Hollandia \u00e9s N\u00e9metorsz\u00e1g (a helyoszt\u00f3kat Rotterdamban j\u00e1tssz\u00e1k).<\/li>\n<\/ul>\n\n\n\n<ul class=\"wp-block-list\">\n<li>Csoportk\u00f6r:&nbsp;<strong>2025. november 26. \u2013 december 2.<\/strong><\/li>\n\n\n\n<li>K\u00f6z\u00e9pd\u00f6nt\u0151:&nbsp;<strong>2025. december 2\u20138.<\/strong><\/li>\n\n\n\n<li>Negyedd\u00f6nt\u0151:&nbsp;<strong>2025. december 9\u201310.<\/strong><\/li>\n\n\n\n<li>El\u0151d\u00f6nt\u0151:&nbsp;<strong>2025. december 12.<\/strong><\/li>\n\n\n\n<li>3. hely\u00e9rt:&nbsp;<strong>2025. december 14.<\/strong><\/li>\n\n\n\n<li>D\u00f6nt\u0151:&nbsp;<strong>2025. december 14.<\/strong><\/li>\n<\/ul>\n\n\n\n<h2 class=\"wp-block-heading\">Lebonyol\u00edt\u00e1s<\/h2>\n\n\n\n<p>A 32 kijutott csapatot nyolc darab n\u00e9gyf\u0151s&nbsp;csoportba osztott\u00e1k. Ezekb\u0151l az els\u0151 h\u00e1rom helyzet jut tov\u00e1bb a k\u00f6z\u00e9pd\u00f6nt\u0151be (az utols\u00f3k az Eln\u00f6ki Kup\u00e1n k\u00fczdhetnek a 25. hely\u00e9rt).<\/p>\n\n\n\n<p>A k\u00f6z\u00e9pd\u00f6nt\u0151ben a 24 tov\u00e1bbjut\u00f3 n\u00e9gy darab hatf\u0151s csoportba ker\u00fcl beoszt\u00e1sra, ahova viszik magukkal az egym\u00e1s elleni eredm\u00e9nyeiket az alapcsoportk\u00f6rb\u0151l. Ezen hatosokb\u00f3l az els\u0151 k\u00e9t helyezett jut tov\u00e1bb, vagyis \u00edgy alakul ki a nyolcadd\u00f6nt\u0151 mez\u0151nye. Innent\u0151l kezdve pedig egyenes kies\u00e9ses szakaszban t\u00f6rt\u00e9nik a lebonyol\u00edt\u00e1s, v\u00e9g\u00e9n a d\u00f6nt\u0151vel, valamint a bronzmeccsel (\u00f6t\u00f6dik \u00e9s hetedik hely\u00e9rt nem j\u00e1tszanak a v\u00e1logatottak).<\/p>\n\n\n\n<figure class=\"wp-block-image size-full is-style-default\"><img decoding=\"async\" src=\"https:\/\/topsters.com\/wp-content\/uploads\/2025\/11\/noi_kezi_vb_2025_csoportok.jpg\" alt=\"n\u0151i k\u00e9zilabda vil\u00e1gbajnoks\u00e1g 2025 csoportok \" class=\"wp-image-26528\" \/><\/figure>\n\n\n\n<h2 class=\"wp-block-heading\">N\u0151i k\u00e9zilabda vb 2025 csoportok<\/h2>\n\n\n\n<p>A csoportbeoszt\u00e1s az al\u00e1bbiak szerint alakul:<\/p>\n\n\n\n<ul class=\"wp-block-list\">\n<li><strong>A-csoport<\/strong> (Rotterdam): D\u00e1nia, Rom\u00e1nia, Jap\u00e1n, Horv\u00e1torsz\u00e1g<\/li>\n\n\n\n<li><strong>B-csoport<\/strong> (&#8216;s-Hertogenbosch): MAGYARORSZ\u00c1G, Sv\u00e1jc, Szeneg\u00e1l, Ir\u00e1n<\/li>\n\n\n\n<li><strong>C-csoport<\/strong> (Stuttgart): N\u00e9metorsz\u00e1g, Szerbia, Izland, Uruguay<\/li>\n\n\n\n<li><strong>D-csoport <\/strong>(Trier): Montenegr\u00f3, Spanyolorsz\u00e1g, Fer\u00f6er-szigetek, Paraguay<\/li>\n\n\n\n<li><strong>E-csoport<\/strong> (Rotterdam): Hollandia, Ausztria, Argent\u00edna, Egyiptom<\/li>\n\n\n\n<li><strong>F-csoport <\/strong>(&#8216;s-Hertogenbosch): Franciaorsz\u00e1g, Lengyelorsz\u00e1g, Tun\u00e9zia, K\u00edna<\/li>\n\n\n\n<li><strong>G-csoport <\/strong>(Stuttgart): Sv\u00e9dorsz\u00e1g, Braz\u00edlia, Csehorsz\u00e1g, Kuba<\/li>\n\n\n\n<li><strong>H-csoport<\/strong> (Trier): Norv\u00e9gia, Angola, D\u00e9l-Korea, Kazahszt\u00e1n<\/li>\n<\/ul>\n\n\n\n<p>A k\u00f6z\u00e9pd\u00f6nt\u0151 I-es csoportj\u00e1ba az A \u00e9s B, a II-esbe a C \u00e9s D, a III-asba az E \u00e9s F, m\u00edg a IV-esbe a G \u00e9s H els\u0151 h\u00e1rom helyezettje jut tov\u00e1bb, s alakulnak ki azok a hatosok. A nyolcadd\u00f6nt\u0151ben a II1 a IV2, a IV1 a II2, a I1 a III2, m\u00edg a III1 a I2 ellen j\u00e1tszik, az el\u0151d\u00f6nt\u0151 egyik meccs\u00e9t az els\u0151 k\u00e9t, m\u00e1sik tal\u00e1lkoz\u00f3j\u00e1t a harmadik \u00e9s a negyedik nyolcadd\u00f6nt\u0151 gy\u0151ztese v\u00edvja.<\/p>\n\n\n\n<h2 class=\"wp-block-heading\">N\u0151i k\u00e9zilabda vb magyar meccsek &#8211; mikor j\u00e1tszik a magyar n\u0151i k\u00e9zilabda v\u00e1logatott?<\/h2>\n\n\n\n<p>A magyar v\u00e1logatott november 27-\u00e9n Szeneg\u00e1l ellen kezdi meg a csoportk\u00fczdelemeket, majd k\u00e9t nappal k\u00e9s\u0151bb Ir\u00e1n legjobbjai ellen l\u00e9p p\u00e1ly\u00e1ra. A csoport d\u00f6nt\u0151j\u00e9nek is beill\u0151 Magyarorsz\u00e1g-Sv\u00e1jc tal\u00e1lkoz\u00f3ra december 1-\u00e9n ker\u00fcl sor. <\/p>\n\n\n\n<ul class=\"wp-block-list\">\n<li>2025. november 27., 20:30: Magyarorsz\u00e1g-Szeneg\u00e1l (M4 Sport)<\/li>\n\n\n\n<li>2025. november 29., 20:30: Ir\u00e1n-Magyarorsz\u00e1g (M4 Sport)<\/li>\n\n\n\n<li>2025. december 1. 20:30: Magyarorsz\u00e1g-Sv\u00e1jc (M4 Sport)<\/li>\n<\/ul>\n\n\n\n<h2 class=\"wp-block-heading\">A magyar n\u0151i k\u00e9zilabda-v\u00e1logatott kerete<\/h2>\n\n\n\n<p>Golovin Vlagyimir sz\u00f6vets\u00e9gi kapit\u00e1ny november elej\u00e9n jel\u00f6lte ki a magyar n\u0151i k\u00e9zilabda-v\u00e1logatott 18 f\u0151s, sz\u0171k\u00edtett keret\u00e9t a 2025-\u00f6s n\u0151i k\u00e9zilabda&nbsp;vil\u00e1gbajnoks\u00e1gra.<\/p>\n\n\n\n<p>A sz\u00fcl\u00e9si szabads\u00e1gon l\u00e9v\u0151 j\u00e1t\u00e9kosok (B\u00f6de-B\u00edr\u00f3, Gy\u0151ri-Luk\u00e1cs) mellett Faluv\u00e9gi, Juh\u00e1sz, T\u00f3th, P\u00e1sztor, K\u00e1csor, Petrus, Sz\u00f6ll\u0151si-Schatzl is kimaradt, viszont Fodor, Kov\u00e1cs \u00e9s&nbsp;Grosch ott van a csapatban.<\/p>\n\n\n\n<p><strong>A MAGYAR N\u0150I K\u00c9ZILABDA-V\u00c1LOGATOTT 18 F\u0150S VIL\u00c1GBAJNOKI KERETE<\/strong><br><strong>Kapusok:<\/strong> Szemerey Zs\u00f3fi (Gy\u0151ri ETO), Janurik Kinga (FTC), Bukovszky Anna (Esztergom)<br><strong>Jobbsz\u00e9ls\u0151k:<\/strong> Kov\u00e1cs Anett (Esztergom), Grosch Vivien (DVSC)<br><strong>Jobb\u00e1tl\u00f6v\u0151k:<\/strong> Klujber Katrin (FTC), Papp Nikoletta (CS Minaur Baia Mare), Albek Anna (Metz Handball)<br><strong>Ir\u00e1ny\u00edt\u00f3k: <\/strong>V\u00e1mos Petra (Metz Handball), Simon Petra (FTC)<br><strong>Be\u00e1ll\u00f3k:<\/strong> T\u00f3vizi Petra (DVSC), Bord\u00e1s R\u00e9ka (FTC), Szmolek Apoll\u00f3nia (Esztergom)<br><strong>Bal\u00e1tl\u00f6v\u0151k: <\/strong>Kuczora Csenge (Th\u00fcringer HC), Farag\u00f3 Lea (Esztergom), Cs\u00edkos Luca (V\u00e1ci NKSE)<br><strong>Balsz\u00e9ls\u0151k: <\/strong>M\u00e1rton Gr\u00e9ta (FTC), Fodor Csenge (Gy\u0151ri ETO)<br><strong>Sz\u00f6vets\u00e9gi kapit\u00e1ny:<\/strong> Golovin Vlagyimir<\/p>\n\n\n\n<h2 class=\"wp-block-heading\">Hol tudom n\u00e9zni a 2025-\u00f6s n\u0151i k\u00e9zilabda vil\u00e1gbajnoks\u00e1got?<\/h2>\n\n\n\n<p>Magyarorsz\u00e1gon a n\u0151i k\u00e9zilabda vil\u00e1gbajnoks\u00e1got az <strong>M4 Sport<\/strong> t\u0171zi k\u00e9perny\u0151j\u00e9re, avagy, amely meccseket nem k\u00f6zvet\u00edti a telev\u00edzi\u00f3, azt minden bizonnyal az m4sport.hu oldalon lehet majd k\u00f6vetni.<\/p>\n\n\n\n<h2 class=\"wp-block-heading\">N\u0151i k\u00e9zilabda-vb 2025 jegyek <\/h2>\n\n\n\n<p>M\u00e9g kaphat\u00f3k jegyek a 2025-\u00f6s n\u0151i k\u00e9zilabda vil\u00e1gbajnoks\u00e1gra, melyeket a torna hivatalos oldal\u00e1r\u00f3l \u00e9rdemes beszerezni (<a href=\"https:\/\/wkhandbal.tmtickets.nl\/\" title=\"\">https:\/\/wkhandbal.tmtickets.nl\/<\/a>), ez a legbiztons\u00e1gosabb forr\u00e1s.&nbsp;<\/p>\n\n\n\n<p>A magyar v\u00e1logatott november 27-\u00e9n, Szeneg\u00e1l ellen kezdi a torn\u00e1t 20:30-kor, el\u0151tte pedig Sv\u00e1jc &#8211; Ir\u00e1n tal\u00e1lkoz\u00f3 ker\u00fcl megrendez\u00e9sre 18 \u00f3r\u00e1t\u00f3l &#8216;s-Hertogenbosch-ban. A csoportmeccsekre a jegyeket p\u00e1ros\u00e1val lehet megvenni (avagy a napi els\u0151 \u00e9s m\u00e1sodik csoportmeccsre is \u00e9rv\u00e9nyeseket a tikettek), s m\u00e9g a nyit\u00f3napra is van hely.<\/p>\n\n\n\n<p>A jegy\u00e1rak a magyar csapat nyit\u00f3napj\u00e1n&nbsp;az al\u00e1bbiak szerint alakulnak:<\/p>\n\n\n\n<p>4 \u00e9v alatt a bel\u00e9p\u00e9s ingyenes, de a gyermeknek a feln\u0151tt \u00f6l\u00e9ben kell \u00fclnie.&nbsp;<\/p>\n\n\n\n<p><strong>Gyerekjegyek (4-12 \u00e9v):<\/strong> 13,25 &#8211; 20,25 \u20ac k\u00f6z\u00f6tt (5100 &#8211; 7800 Ft k\u00f6z\u00f6tt).<\/p>\n\n\n\n<p><strong>Feln\u0151tt jegyek<\/strong>: 25 &#8211; 39,00 \u20ac k\u00f6z\u00f6tt (9600 &#8211; 15000 Ft k\u00f6z\u00f6tt).<\/p>\n\n\n\n<h2 class=\"wp-block-heading\">2025-\u00f6s n\u0151i k\u00e9zilabda vil\u00e1gbajnoks\u00e1g&nbsp;es\u00e9lyek<\/h2>\n\n\n\n<p>A <a href=\"https:\/\/topsters.com\/hu\/a-legjobb-online-fogadoirodak-magyarorszagon\/\" title=\"\">bukm\u00e9kerek<\/a> szerint a gy\u0151zelemre a 2025-\u00f6s n\u0151i k\u00e9zilabda vil\u00e1gbajnoks\u00e1gon Norv\u00e9gi\u00e1nak van, majd D\u00e1nia \u00e9s Franciaorsz\u00e1g k\u00f6vetkezik a sorban. Ezt k\u00f6vet\u0151en az egyik h\u00e1zigazda, Hollandia j\u00f6n, majd Magyarorsz\u00e1g \u00e9s Sv\u00e9dorsz\u00e1g, \u0151ket pedig Spanyolorsz\u00e1g \u00e9s Montenegr\u00f3 k\u00f6veti, m\u00edg a m\u00e1sik h\u00e1zigazda, N\u00e9metorsz\u00e1g, csak kilencedik&nbsp;a sorban.<\/p>\n\n\n\n<ul class=\"wp-block-list\">\n<li>Norv\u00e9gi @1.75<\/li>\n\n\n\n<li>D\u00e1nia @5.00<\/li>\n\n\n\n<li>Franciaorsz\u00e1g @6.60<\/li>\n\n\n\n<li>Hollandia @11.00<\/li>\n\n\n\n<li>Magyarorsz\u00e1g @12.00<\/li>\n\n\n\n<li>Sv\u00e9dorsz\u00e1g @12.00<\/li>\n\n\n\n<li>Spanyolorsz\u00e1g @21.00<\/li>\n\n\n\n<li>Montenegr\u00f3 @26.00<\/li>\n\n\n\n<li>N\u00e9metorsz\u00e1g @30.00<\/li>\n<\/ul>\n\n\n\n<h2 class=\"wp-block-heading\">N\u0151i k\u00e9zilabda vb eredm\u00e9nyek<\/h2>\n\n\n\n<p>A 2025-\u00f6s n\u0151i k\u00e9zilabda-vil\u00e1gbajnoks\u00e1g eredm\u00e9nyeit az IHF hivatalos oldal\u00e1n lehet nyomon k\u00f6vetni. Az eredm\u00e9nyek k\u00f6vet\u00e9s\u00e9re azonban t\u00f6bb applik\u00e1ci\u00f3 is megfelel\u0151, \u00edgy az eredm\u00e9nyek.com abszol\u00fat j\u00f3 v\u00e1laszt\u00e1s lehet. <\/p>\n\n\n\n<h2 class=\"wp-block-heading\">N\u0151i k\u00e9zilabda vb elemz\u00e9sek \u00e9s tippek <\/h2>\n\n\n\n<p>Ha szeretn\u00e9d fokozni az izgalmakat \u00e9s fogadn\u00e1l is p\u00e9ld\u00e1ul a magyar v\u00e1logatott meccseire, akkor \u00e9rdemes egy j\u00f3 fogad\u00f3irod\u00e1t v\u00e1lasztanod. Nem csak a m\u00e9rk\u0151z\u00e9sek el\u0151tti fogad\u00e1sokhoz, de az \u00e9l\u0151 fogad\u00e1sokhoz is aj\u00e1nljuk a BetLabelt. <\/p>\n\n\n\n<p>A <a href=\"https:\/\/topsters.com\/hu\/betlabel-ismerteto-2025-bonuszok-app-kaszino\/\" title=\"\">BetLabelen<\/a> olyan extra funkci\u00f3kat tal\u00e1lsz, mint a fogad\u00e1sbiztos\u00edt\u00e1s, az korai kifizet\u00e9s vagy a gy\u0171jt\u0151fogad\u00e1sok b\u00f3nuszai. Emellett \u00faj regisztr\u00e1l\u00f3k\u00e9nt ak\u00e1r 40. 000 HUF \u00f6sszeg\u0171 b\u00f3nuszt is szerezhetsz Sportfogad\u00e1sra. <\/p>\n\n\n\n<figure class=\"wp-block-image size-large\"><a href=\"https:\/\/topsters.com\/hu\/betlabel-ismerteto-2025-bonuszok-app-kaszino\/\"><img decoding=\"async\" src=\"https:\/\/topsters.com\/wp-content\/uploads\/2025\/07\/batlabel_-1024x396.png\" alt=\"betlabel ragisztr\u00e1ci\u00f3\" class=\"wp-image-25024\" \/><\/a><\/figure>\n\n\n\n<div class=\"wp-block-group alignfull has-text-color has-background\" style=\"color:#000000;background-color:#ffffff\"><div class=\"wp-block-group__inner-container is-layout-flow wp-block-group-is-layout-flow\">\n<h2 class=\"wp-block-heading has-text-align-center\" id=\"schedule-a-visit\" style=\"font-size:24px;line-height:1.15\"><strong>Ak\u00e1r 40. 000 HUF \u00e9rt\u00e9k\u0171 sportfogad\u00e1s \u00e9s 596 000 HUF kaszin\u00f3 b\u00f3nusz a BetLabelen!<\/strong><\/h2>\n\n\n\n<div class=\"wp-block-buttons is-horizontal is-content-justification-center is-layout-flex wp-container-core-buttons-is-layout-499968f5 wp-block-buttons-is-layout-flex\">\n<div class=\"wp-block-button has-custom-width wp-block-button__width-100\"><a class=\"wp-block-button__link has-text-color has-background wp-element-button\" href=\"https:\/\/topsters.com\/hu\/betlabel-ismerteto-2025-bonuszok-app-kaszino\/\" style=\"border-radius:50px;color:#ffffff;background-color:#21802f\"><strong>Ir\u00e1ny a BetLabel! <\/strong><\/a><\/div>\n<\/div>\n\n\n\n<p><\/p>\n<\/div><\/div>\n","protected":false},"excerpt":{"rendered":"<p>A 2025-\u00f6s n\u0151i k\u00e9zilabda vil\u00e1gbajnoks\u00e1gnak k\u00e9t orsz\u00e1g ad otthont, N\u00e9metorsz\u00e1g \u00e9s Hollandia. A c\u00edmv\u00e9d\u0151&nbsp;Franciaorsz\u00e1g, amely v\u00e1logatott a 2023-as fin\u00e1l\u00e9ban a hazai p\u00e1ly\u00e1n j\u00e1tsz\u00f3t Norv\u00e9gi\u00e1t gy\u0151zte le 31-28-ra. L\u00e1ssuk, mit kell tudni a mostani torn\u00e1r\u00f3l! N\u0151i k\u00e9zilabda vb 2025 menetrend Lebonyol\u00edt\u00e1s A 32 kijutott csapatot nyolc darab n\u00e9gyf\u0151s&nbsp;csoportba osztott\u00e1k. Ezekb\u0151l az els\u0151 h\u00e1rom helyzet jut tov\u00e1bb [&hellip;]<\/p>\n","protected":false},"author":4,"featured_media":855,"comment_status":"open","ping_status":"open","sticky":false,"template":"","format":"standard","meta":{"_acf_changed":false,"footnotes":""},"categories":[65],"tags":[242],"class_list":["post-854","post","type-post","status-publish","format-standard","has-post-thumbnail","hentry","category-hirek","tag-sportfogadas"],"acf":[],"aioseo_notices":[],"_links":{"self":[{"href":"https:\/\/topsters.com\/hu\/wp-json\/wp\/v2\/posts\/854","targetHints":{"allow":["GET"]}}],"collection":[{"href":"https:\/\/topsters.com\/hu\/wp-json\/wp\/v2\/posts"}],"about":[{"href":"https:\/\/topsters.com\/hu\/wp-json\/wp\/v2\/types\/post"}],"author":[{"embeddable":true,"href":"https:\/\/topsters.com\/hu\/wp-json\/wp\/v2\/users\/4"}],"replies":[{"embeddable":true,"href":"https:\/\/topsters.com\/hu\/wp-json\/wp\/v2\/comments?post=854"}],"version-history":[{"count":2,"href":"https:\/\/topsters.com\/hu\/wp-json\/wp\/v2\/posts\/854\/revisions"}],"predecessor-version":[{"id":11233,"href":"https:\/\/topsters.com\/hu\/wp-json\/wp\/v2\/posts\/854\/revisions\/11233"}],"wp:featuredmedia":[{"embeddable":true,"href":"https:\/\/topsters.com\/hu\/wp-json\/wp\/v2\/media\/855"}],"wp:attachment":[{"href":"https:\/\/topsters.com\/hu\/wp-json\/wp\/v2\/media?parent=854"}],"wp:term":[{"taxonomy":"category","embeddable":true,"href":"https:\/\/topsters.com\/hu\/wp-json\/wp\/v2\/categories?post=854"},{"taxonomy":"post_tag","embeddable":true,"href":"https:\/\/topsters.com\/hu\/wp-json\/wp\/v2\/tags?post=854"}],"curies":[{"name":"wp","href":"https:\/\/api.w.org\/{rel}","templated":true}]}}