{"id":832,"date":"2025-11-25T14:01:42","date_gmt":"2025-11-25T14:01:42","guid":{"rendered":"http:\/\/178.104.60.165\/?p=832"},"modified":"2026-03-25T09:25:19","modified_gmt":"2026-03-25T09:25:19","slug":"arsenal-bayern-munchen-elo-kozvetites-felallasok-eselyek","status":"publish","type":"post","link":"https:\/\/topsters.com\/hu\/arsenal-bayern-munchen-elo-kozvetites-felallasok-eselyek\/","title":{"rendered":"Arsenal-Bayern M\u00fcnchen: \u00e9l\u0151 k\u00f6zvet\u00edt\u00e9s, fel\u00e1ll\u00e1sok, es\u00e9lyek"},"content":{"rendered":"\n<p class=\"has-medium-font-size\"><strong>Magyar id\u0151 szerint szerd\u00e1n 21 \u00f3r\u00e1t\u00f3l Londonban m\u00e9rk\u0151zik meg egym\u00e1ssal az Arsenal \u00e9s a Bayern M\u00fcnchen a Bajnokok Lig\u00e1ja alapszakasz\u00e1nak 5. fordul\u00f3j\u00e1ban. BL-meccs el\u0151zetes. <\/strong><\/p>\n\n\n\n<p>Bajnokok Lig\u00e1ja rangad\u00f3t rendeznek szerd\u00e1n, hiszen az alapszakasz tabell\u00e1j\u00e1nak k\u00e9t \u00e9llovasa, az egyar\u00e1nt hib\u00e1tlan Arsenal \u00e9s a Bayern M\u00fcnchen csap \u00f6ssze egym\u00e1ssal Londonban. A k\u00e9t eur\u00f3pai topcsapat rendszeresen magas intenzit\u00e1s\u00fa, l\u00e1tv\u00e1nyos futballt produk\u00e1l, \u00edgy nem v\u00e9letlen, hogy a csoportk\u00f6r egyik legt\u00f6bbet emlegetett tal\u00e1lkoz\u00f3ja lett. A londoni <strong>Emirates Stadionban<\/strong> megrendezett \u00fctk\u00f6zet mindk\u00e9t csapat sz\u00e1m\u00e1ra kulcsfontoss\u00e1g\u00fa l\u00e9p\u00e9s a tov\u00e1bbjut\u00e1s fel\u00e9.<\/p>\n\n\n\n<p><\/p>\n\n\n\n<h2 class=\"wp-block-heading\">Arsenal-Bayern M\u00fcnchen form\u00e1k:  mindk\u00e9t csapat a cs\u00facson van<\/h2>\n\n\n\n<p><strong>Arsenal<\/strong>: Az Arsenal az ut\u00f3bbi \u00e9vekben folyamatosan fejl\u0151d\u00f6tt Mikel Arteta ir\u00e1ny\u00edt\u00e1sa alatt. A technik\u00e1s, labdabirtokl\u00e1sra \u00e9p\u00fcl\u0151 j\u00e1t\u00e9k \u00e9s a fiatal tehets\u00e9gek feln\u00f6v\u00e9se komoly stabilit\u00e1st jelent a londoniaknak.<br>A sz\u00e9leken rendk\u00edv\u00fcl vesz\u00e9lyesek, a gyors \u00e1tmenetek pedig gyakran okoznak gondot az ellenfeleknek. Az idei szezon nagy fegyvere azonban a kiv\u00e1l\u00f3 v\u00e9dekez\u00e9s, jelenleg az \u00f6t eur\u00f3pai topliga csapata k\u00f6z\u00fcl az Arsenal kapta a legkevesebb g\u00f3lt. A Bajnokok Lig\u00e1j\u00e1ban konkr\u00e9tan <strong>m\u00e9g egyetlen g\u00f3lt sem kaptak az \u00c1gy\u00fasok. <\/strong><\/p>\n\n\n\n<p><strong>Bayern M\u00fcnchen:<\/strong> A Bayern M\u00fcnchen form\u00e1ja kiv\u00e1l\u00f3, tov\u00e1bbra is a Bundesliga leger\u0151sebb csapata, amely id\u00e9n is domin\u00e1ns futballt j\u00e1tszik. A let\u00e1mad\u00e1s, a temp\u00f3v\u00e1lt\u00e1sok \u00e9s a hat\u00e9kony befejez\u00e9sek a bajorok f\u0151 er\u00e9nyei. A Bayern kerete rendk\u00edv\u00fcl m\u00e9ly, \u00edgy a kulcsj\u00e1t\u00e9kosok rot\u00e1l\u00e1sa sem jelent teljes\u00edtm\u00e9nycs\u00f6kken\u00e9st. A bajorok teljes\u00edtm\u00e9ny\u00e9r\u0151l mindent elmond, hogy <strong>a 2025\/26-os id\u00e9nyben m\u00e9g nem szenvedtek veres\u00e9get! <\/strong><\/p>\n\n\n\n<h2 class=\"wp-block-heading\">Arsenal-Bayern M\u00fcnchen v\u00e1rhat\u00f3 fel\u00e1ll\u00e1sok <\/h2>\n\n\n\n<p>Ami a v\u00e1rhat\u00f3 fel\u00e1ll\u00e1sokat illeti, mindk\u00e9t szakmai st\u00e1bnak van mi\u00e9rt agg\u00f3dnia. Az Arsenaln\u00e1l fel\u00fct\u00f6tte a fej\u00e9t egy s\u00e9r\u00fcl\u00e9shull\u00e1m \u00e9s olyan kulcsemberek d\u0151ltek ki a sorb\u00f3l, mint <strong>Gy\u00f6keres Viktor, Gabriel Jesus, Martin Odegaard, Kai Havertz<\/strong> \u00e9s <strong>Gabriel Magalhaes.<\/strong><\/p>\n\n\n\n<p>A Bayern M\u00fcnchen csapat\u00e1b\u00f3l az eltiltott <strong>Luiz Diaz<\/strong> mellett<strong> Alphonso David, Jamal Musiala<\/strong> \u00e9s <strong>Serge Gnabry<\/strong> hagyja majd ki a tal\u00e1lkoz\u00f3t s\u00e9r\u00fcl\u00e9s miatt.<\/p>\n\n\n<div class=\"wp-block-image\">\n<figure class=\"aligncenter size-full\"><img decoding=\"async\" src=\"https:\/\/topsters.com\/wp-content\/uploads\/2025\/11\/arsenal_bayer.jpg\" alt=\"\" class=\"wp-image-26608\" \/><figcaption class=\"wp-element-caption\"><em>Arsenal &#8211; Bayern M\u00fcnchen v\u00e1rhat\u00f3 fel\u00e1ll\u00e1sok <\/em><\/figcaption><\/figure>\n<\/div>\n\n\n<h2 class=\"wp-block-heading\">Arsenal &#8211; Bayern M\u00fcnchen egym\u00e1s ellen <\/h2>\n\n\n\n<p>A k\u00e9t csapat kor\u00e1bban hat alkalommal tal\u00e1lkozott egym\u00e1ssal a Bajnokok Lig\u00e1j\u00e1ban. Ezen m\u00e9rk\u0151z\u00e9sek m\u00e9rlege: 2 Arsenal-gy\u0151zelem, 3 Bayern-gy\u0151zelem \u00e9s 1 d\u00f6ntetlen. <\/p>\n\n\n\n<p>Az Arsenal \u00e9s a Bayern M\u00fcnchen k\u00f6z\u00f6tt ritk\u00e1n sz\u00fcletik unalmas m\u00e9rk\u0151z\u00e9s. A m\u00faltban t\u00f6bbsz\u00f6r l\u00e1thattunk ki\u00e9lezett p\u00e1rharcokat, vitatott j\u00e1t\u00e9kvezet\u0151i d\u00f6nt\u00e9seket \u00e9s fordulatos hajr\u00e1kat. A k\u00e9t klub st\u00edlusa t\u00f6k\u00e9letesen \u00fctk\u00f6zik: az Arsenal technik\u00e1s futballja \u00e9s a Bayern gyors, direkt t\u00e1mad\u00e1s\u00e9p\u00edt\u00e9se mindig izgalmas taktikai csat\u00e1t eredm\u00e9nyez.<\/p>\n\n\n\n<h2 class=\"wp-block-heading\">Arsenal &#8211; Bayern M\u00fcchen \u00e9l\u0151 tv k\u00f6zvet\u00edt\u00e9s <\/h2>\n\n\n\n<p>A november 26-\u00e1n megrendez\u00e9sre ker\u00fcl\u0151 Arsenal-Bayern M\u00fcnchen Bajnokok Lig\u00e1ja m\u00e9rk\u0151z\u00e9st Magyarorsz\u00e1gon \u00e9l\u0151ben az <strong>RTL+ <\/strong>\u00e9s a<strong> Sport1 Tv<\/strong> k\u00f6zvet\u00edti. Az RTL+ szolg\u00e1ltat\u00e1sa csak el\u0151fizet\u00e9s ellen\u00e9ben \u00e9rhet\u0151 el. <\/p>\n\n\n\n<h2 class=\"wp-block-heading\">\u00cdgy tudod n\u00e9zni ingyen a Arsenal-Bayern M\u00fcnchen meccset?<\/h2>\n\n\n\n<p>Ha nem akarsz p\u00e9nzt fizetni az RTL-nek a Bajnokok Lig\u00e1ja-m\u00e9rk\u0151z\u00e9sek n\u00e9z\u00e9s\u00e9\u00e9rt, akkor m\u00e1s megold\u00e1st kell keresned.&nbsp; A megold\u00e1st a fogad\u00f3irod\u00e1k jelenthetik a probl\u00e9m\u00e1ra. Nem mindegyik teremben \u00e9rhet\u0151ek el a k\u00f6zvet\u00edt\u00e9sek, de mutatunk olyan<a href=\"https:\/\/topsters.com\/hu\/a-legjobb-online-fogadoirodak-magyarorszagon\/\" title=\"\"> fogad\u00f3irod\u00e1t<\/a>, ahol ingyenesen, HD min\u0151s\u00e9gben, teljes k\u00e9perny\u0151re kit\u00e9ve n\u00e9zheted a BL-meccseket. <\/p>\n\n\n\n<h3 class=\"wp-block-heading\">Mi\u00e9rt \u00e9rdemes fogad\u00f3irod\u00e1n\u00e1l n\u00e9zni a BL-meccseket?<\/h3>\n\n\n\n<ul class=\"wp-block-list\">\n<li>\u00dcdv\u00f6zl\u0151 b\u00f3nuszok befizet\u00e9s eset\u00e9n<\/li>\n\n\n\n<li>Ingyenesen el\u00e9rhet\u0151&nbsp;<a href=\"https:\/\/topsters.com\/hu\/igy-tudod-nezni-a-bl-meccseket-rtl-elofizetes-nelkul\/\"><strong>\u00e9l\u0151 k\u00f6zvet\u00edt\u00e9s<\/strong>&nbsp;minden BL-meccsr\u0151l<\/a><\/li>\n\n\n\n<li>\u00c9l\u0151 fogad\u00e1s a meccs alatt \u2013 g\u00f3lok, lapok, sz\u00f6gletek, v\u00e9gkimenetel<\/li>\n\n\n\n<li>Gyors \u00e9s biztons\u00e1gos fel\u00fclet<\/li>\n\n\n\n<li>K\u00fcl\u00f6nleges prom\u00f3ci\u00f3k a Bajnokok Lig\u00e1ja idej\u00e9n<\/li>\n<\/ul>\n\n\n\n<h2 class=\"wp-block-heading\">Bajnokok Lig\u00e1ja \u00e9l\u0151 k\u00f6zvet\u00edt\u00e9s ingyen<\/h2>\n\n\n\n<p>A BetLabel egy viszonylag \u00faj, \u00e1m megb\u00edzhat\u00f3, k\u00f6nnyen kezelhet\u0151, magyar nyelven is el\u00e9rhet\u0151 fogad\u00f3iroda. Sportfogad\u00e1s k\u00edn\u00e1lata sz\u00e9les \u00e9s izgalmas, \u00e9s egy v\u00e1ltozatos, j\u00e1t\u00e9kosbar\u00e1t b\u00f3nuszrendszer is v\u00e1rja a j\u00e1t\u00e9kosokat. <\/p>\n\n\n\n<p class=\"has-text-align-center\" style=\"font-size:18px\"><strong>A Betlabel nem csak fogad\u00f3irodak\u00e9nt, hanem streaming-platformk\u00e9nt is haszn\u00e1lhat\u00f3. <\/strong><\/p>\n\n\n\n<p>Az \u00e9l\u0151 streameket az \u2018\u00c9L\u0150\u2019 fogad\u00e1sok alatti men\u00fcben lehet el\u00e9rni, a kiv\u00e1lasztott esem\u00e9nyre kattintva \u00e9rheted el. Az \u00faj regisztr\u00e1l\u00f3knak 100%-os \u00fcdv\u00f6zl\u0151 b\u00f3nusz is j\u00e1r, a b\u00f3nusz \u00f6sszege pedig a befizet\u00e9s \u00f6sszeg\u00e9t\u0151l f\u00fcgg\u0151en ak\u00e1r 40. 000 HUF is lehet.<\/p>\n\n\n\n<h2 class=\"wp-block-heading\">Hogyan tudod n\u00e9zni ingyen az Arsenal-Bayern M\u00fcnchen meccset?<\/h2>\n\n\n\n<ul class=\"wp-block-list\">\n<li>K\u00e9sz\u00edtsd el a regisztr\u00e1ci\u00f3dat a BetLabel oldal\u00e1n <\/li>\n\n\n\n<li>T\u00f6ltsd fel az egyenleged (ak\u00e1r a minimum befizet\u00e9s is elegend\u0151)<\/li>\n\n\n\n<li>A kezd\u00e9skor l\u00e9pj be az&nbsp;<strong>\u00e9l\u0151 fogad\u00e1sok<\/strong>&nbsp;f\u00fclre, v\u00e1laszd a meccset \u00e9s&nbsp;<strong>ind\u00edtsd a streamet<\/strong><\/li>\n<\/ul>\n\n\n\n<div class=\"wp-block-buttons is-layout-flex wp-block-buttons-is-layout-flex\">\n<div class=\"wp-block-button has-custom-width wp-block-button__width-100\"><a class=\"wp-block-button__link has-blush-bordeaux-gradient-background has-background wp-element-button\" href=\"https:\/\/moy.auraodin.com\/redirect.aspx?pid=139686&amp;bid=1672&amp;lpid=1285\"><strong>Ir\u00e1ny a BetLabel<\/strong><\/a><\/div>\n<\/div>\n\n\n\n<h2 class=\"wp-block-heading\">BL meccsek ma a tv ben<\/h2>\n\n\n\n<ul class=\"wp-block-list\">\n<li>Kobenhavn &#8211; Kajrat Almati  \ufe0f RTL +; Sport2<\/li>\n\n\n\n<li>Pafos &#8211; Monaco  \ufe0f RTL +; Sport1<\/li>\n\n\n\n<li>Arsenal &#8211; Bayern M\u00fcnchen   \ufe0f RTL +; Sport1 <\/li>\n\n\n\n<li>Atl\u00e9tico Madrid &#8211; Inter  \ufe0f RTL +<\/li>\n\n\n\n<li>Frankfurt &#8211; Atalanta   \ufe0f RTL +<\/li>\n\n\n\n<li>Liverpool &#8211; PSV   \ufe0f RTL +<\/li>\n\n\n\n<li>Olimpiakosz &#8211; Real Madrid   \ufe0f RTL +; Sport2<\/li>\n\n\n\n<li>PSG &#8211; Tottenham   \ufe0f RTL +<\/li>\n\n\n\n<li>Sporting &#8211; Club Brugge  \ufe0f RTL +<\/li>\n<\/ul>\n\n\n\n<h2 class=\"wp-block-heading\">Es\u00e9lyek \u00e9s v\u00e1rakoz\u00e1sok<\/h2>\n\n\n\n<p>Az el\u0151zetes elemz\u00e9sek alapj\u00e1n egyik csapat sem tekinthet\u0151 egy\u00e9rtelm\u0171 es\u00e9lyesnek.<\/p>\n\n\n\n<ul class=\"wp-block-list\">\n<li>Az <strong>Arsenal<\/strong> hazai p\u00e1ly\u00e1n, a szurkol\u00f3k t\u00e1mogat\u00e1s\u00e1val rendk\u00edv\u00fcl vesz\u00e9lyes.<\/li>\n\n\n\n<li>A <strong>Bayern M\u00fcnchen<\/strong> viszont magabiztos, eredm\u00e9nycentrikus j\u00e1t\u00e9k\u00e1val b\u00e1rmikor k\u00e9pes idegenben is domin\u00e1lni.<\/li>\n<\/ul>\n\n\n\n<p>A m\u00e9rk\u0151z\u00e9s v\u00e9gkimenetele nagyban f\u00fcgg a pillanatnyi form\u00e1t\u00f3l \u00e9s att\u00f3l, melyik csapat tudja jobban kontroll\u00e1lni a k\u00f6z\u00e9pp\u00e1ly\u00e1t.<\/p>\n\n\n\n<h2 class=\"wp-block-heading\">Elemz\u00e9s az Arsenal-Bayern M\u00fcnchen meccsre <\/h2>\n\n\n\n<p>Eur\u00f3pa k\u00e9t legjobb form\u00e1ban l\u00e9v\u0151 csapat\u00e1nak meccs\u00e9n neh\u00e9z megj\u00f3solni, mi fog t\u00f6rt\u00e9nni. Az biztos, hogy mindk\u00e9t csapatb\u00f3l kulcsemberek hi\u00e1nyoznak a t\u00e1mad\u00f3szekci\u00f3b\u00f3l, \u00edgy nem biztos, hogy \u00e9rdemes r\u00e1menni a sok g\u00f3lt eredm\u00e9nyez\u0151 fogad\u00e1sokra. <\/p>\n\n\n\n<p>B\u00e1r egy gy\u0151zelemmel mindk\u00e9t csapat \u00f3ri\u00e1si l\u00e9p\u00e9st tehet a tov\u00e1bbjut\u00e1s fel\u00e9, egy d\u00f6ntetlen sem jelentene rossz eredm\u00e9nyt egyik f\u00e9l sz\u00e1m\u00e1ra sem. <\/p>\n\n\n\n<div class=\"wp-block-buttons is-layout-flex wp-block-buttons-is-layout-flex\">\n<div class=\"wp-block-button has-custom-width wp-block-button__width-100\"><a class=\"wp-block-button__link has-vivid-cyan-blue-to-vivid-purple-gradient-background has-background wp-element-button\" href=\"https:\/\/moy.auraodin.com\/redirect.aspx?pid=139686&amp;bid=1672&amp;lpid=1285\"><strong>Legal\u00e1bb az egyik f\u00e9lid\u0151 d\u00f6ntetlen lesz@1.52 <\/strong><\/a><\/div>\n<\/div>\n\n\n\n<h2 class=\"wp-block-heading\"><strong>\u00d6sszegz\u00e9s<\/strong><\/h2>\n\n\n\n<p>Az <strong>Arsenal \u2013 Bayern M\u00fcnchen<\/strong> Bajnokok Lig\u00e1ja-m\u00e9rk\u0151z\u00e9s minden szempontb\u00f3l topkateg\u00f3ri\u00e1s futballt \u00edg\u00e9r: taktikai h\u00e1bor\u00fat, magas temp\u00f3t \u00e9s rengeteg izgalmat. Mindk\u00e9t csapat form\u00e1ban van, mindk\u00e9t oldalon vannak meccset eld\u00f6nt\u0151 j\u00e1t\u00e9kosok, \u00edgy a tal\u00e1lkoz\u00f3 k\u00f6nnyen a fordul\u00f3 egyik legfontosabb rangad\u00f3j\u00e1v\u00e1 v\u00e1lhat.<\/p>\n","protected":false},"excerpt":{"rendered":"<p>Magyar id\u0151 szerint szerd\u00e1n 21 \u00f3r\u00e1t\u00f3l Londonban m\u00e9rk\u0151zik meg egym\u00e1ssal az Arsenal \u00e9s a Bayern M\u00fcnchen a Bajnokok Lig\u00e1ja alapszakasz\u00e1nak 5. fordul\u00f3j\u00e1ban. BL-meccs el\u0151zetes. Bajnokok Lig\u00e1ja rangad\u00f3t rendeznek szerd\u00e1n, hiszen az alapszakasz tabell\u00e1j\u00e1nak k\u00e9t \u00e9llovasa, az egyar\u00e1nt hib\u00e1tlan Arsenal \u00e9s a Bayern M\u00fcnchen csap \u00f6ssze egym\u00e1ssal Londonban. A k\u00e9t eur\u00f3pai topcsapat rendszeresen magas intenzit\u00e1s\u00fa, l\u00e1tv\u00e1nyos [&hellip;]<\/p>\n","protected":false},"author":8,"featured_media":833,"comment_status":"open","ping_status":"open","sticky":false,"template":"","format":"standard","meta":{"_acf_changed":false,"footnotes":""},"categories":[65,61],"tags":[271,242],"class_list":["post-832","post","type-post","status-publish","format-standard","has-post-thumbnail","hentry","category-hirek","category-tv-kozvetitesek","tag-bajnokok-ligaja","tag-sportfogadas"],"acf":[],"aioseo_notices":[],"_links":{"self":[{"href":"https:\/\/topsters.com\/hu\/wp-json\/wp\/v2\/posts\/832","targetHints":{"allow":["GET"]}}],"collection":[{"href":"https:\/\/topsters.com\/hu\/wp-json\/wp\/v2\/posts"}],"about":[{"href":"https:\/\/topsters.com\/hu\/wp-json\/wp\/v2\/types\/post"}],"author":[{"embeddable":true,"href":"https:\/\/topsters.com\/hu\/wp-json\/wp\/v2\/users\/8"}],"replies":[{"embeddable":true,"href":"https:\/\/topsters.com\/hu\/wp-json\/wp\/v2\/comments?post=832"}],"version-history":[{"count":2,"href":"https:\/\/topsters.com\/hu\/wp-json\/wp\/v2\/posts\/832\/revisions"}],"predecessor-version":[{"id":11229,"href":"https:\/\/topsters.com\/hu\/wp-json\/wp\/v2\/posts\/832\/revisions\/11229"}],"wp:featuredmedia":[{"embeddable":true,"href":"https:\/\/topsters.com\/hu\/wp-json\/wp\/v2\/media\/833"}],"wp:attachment":[{"href":"https:\/\/topsters.com\/hu\/wp-json\/wp\/v2\/media?parent=832"}],"wp:term":[{"taxonomy":"category","embeddable":true,"href":"https:\/\/topsters.com\/hu\/wp-json\/wp\/v2\/categories?post=832"},{"taxonomy":"post_tag","embeddable":true,"href":"https:\/\/topsters.com\/hu\/wp-json\/wp\/v2\/tags?post=832"}],"curies":[{"name":"wp","href":"https:\/\/api.w.org\/{rel}","templated":true}]}}